{"id":43356,"date":"2025-12-05T18:53:42","date_gmt":"2025-12-05T18:53:42","guid":{"rendered":"https:\/\/radiocresatelital.com\/?p=43356"},"modified":"2025-12-05T21:54:51","modified_gmt":"2025-12-05T21:54:51","slug":"laboratorio-de-letras-dk-presento-su-nueva-iniciativa-que-transformara-espacios-de-lectura-en-escuelas-de-guayaquil-quito-y-latacunga","status":"publish","type":"post","link":"https:\/\/radiocresatelital.com\/?p=43356","title":{"rendered":"\u201cLaboratorio de Letras\u201d: DK present\u00f3 su nueva iniciativa que transformar\u00e1 espacios de lectura en escuelas de Guayaquil, Quito y Latacunga"},"content":{"rendered":"<p>Guayaquil.\u2013 En Ecuador, la lectura atraviesa un desaf\u00edo urgente: aunque el 57,2% de la poblaci\u00f3n afirma leer, el promedio anual apenas llega a un libro completo, seg\u00fan la Encuesta de H\u00e1bitos, Pr\u00e1cticas y Consumos Culturales del Ministerio de Cultura. Esta situaci\u00f3n se agrava por un dato estructural: solo 6 de cada 100 escuelas del pa\u00eds cuentan con una biblioteca funcional, y apenas 4 de cada 10 ni\u00f1os tiene acceso a uno o m\u00e1s libros. A escala local, los estudios muestran dificultades similares: ni\u00f1os y j\u00f3venes crecen sin espacios adecuados, atractivos o funcionales que incentiven la lectura por gusto, curiosidad o disfrute.<\/p>\n<p>Frente a esta realidad, DK present\u00f3, en Guayaquil, \u201cLaboratorio de Letras\u201d, su nueva iniciativa educativa y social orientada a transformar bibliotecas escolares y crear entornos que inspiren a miles de ni\u00f1os y j\u00f3venes. El anuncio se realiz\u00f3 en un evento especial en el centro comercial San Marino Shopping.<\/p>\n<p>El proyecto contempla que cada centro comercial de DK apadrine una instituci\u00f3n educativa cercana para intervenir espacios deteriorados y convertirlos en bibliotecas modernas, seguras y estimulantes, dise\u00f1adas especialmente para que ni\u00f1os y j\u00f3venes experimenten la lectura como una actividad significativa y disfrutable. En esta primera fase, la iniciativa tendr\u00e1 alcance en Guayaquil, Quito, y Latacunga, beneficiando a miles de estudiantes que, por primera vez, contar\u00e1n con un sitio adecuado para descubrir y disfrutar historias.<\/p>\n<p>En total, Laboratorio de Letras beneficiar\u00e1 a m\u00e1s de 7.420 estudiantes y a m\u00e1s de 21.900 personas entre docentes, familias y comunidades. Las instituciones apadrinadas y sus centros comerciales aliados son:<\/p>\n<p>Guayaquil<\/p>\n<ul>\n<li>Escuela de Educaci\u00f3n B\u00e1sica Jos\u00e9 Antonio Gallegos \u2013 Apadrinada por San Marino Shopping<br \/>\n620 estudiantes | Impacto: 1.800 personas<\/li>\n<\/ul>\n<p>Quito<\/p>\n<ul>\n<li>Unidad Educativa Fiscal San Francisco de Quito \u2013 Apadrinada por Quicentro Shopping y Granados Plaza<br \/>\n2.500 estudiantes | Impacto: 7.000 personas<\/li>\n<li>Unidad Educativa Carlos Larco Hidalgo \u2013 Apadrinada por San Luis Shopping<br \/>\n2.500 estudiantes | Impacto: 7.000 personas<\/li>\n<li>Unidad Educativa Club \u00c1rabe Ecuatoriano \u2013 Apadrinada por Portal Shopping<br \/>\n1.500 estudiantes | Impacto: 4.600 personas<\/li>\n<\/ul>\n<p>Latacunga<\/p>\n<ul>\n<li>Unidad Educativa Jorge Icaza \u2013 Apadrinada por Malter\u00eda Plaza<br \/>\n800 estudiantes | Impacto: 1.500 personas<\/li>\n<\/ul>\n<p>Las intervenciones incluyen mobiliario renovado, iluminaci\u00f3n adecuada, zonas de lectura individuales y grupales, rincones tem\u00e1ticos, \u00e1reas sensoriales y ambientes pensados para estimular la imaginaci\u00f3n y el aprendizaje creativo. Cada biblioteca ser\u00e1 un sitio dise\u00f1ado para que los estudiantes se conecten emocionalmente con la lectura y la integren como parte natural de su formaci\u00f3n.<\/p>\n<p>Por m\u00e1s de 30 a\u00f1os, la empresa ha impulsado proyectos que transforman espacios, fortalecen el tejido comunitario y promueven actividades culturales y educativas en las ciudades donde opera. Laboratorio de Letras es la evoluci\u00f3n natural de esta visi\u00f3n.<\/p>\n<p>Cristina Moshenek, Gerente de Asuntos Corporativos de DK, afirm\u00f3: \u201cHoy iniciamos un proyecto que nace de una convicci\u00f3n profunda. Si queremos que los ni\u00f1os lean por gusto, debemos ofrecerles lugares que despierten su imaginaci\u00f3n. En DK creemos en el poder transformador del conocimiento y en el impacto que tiene un espacio bien hecho en la vida de una persona. Estas bibliotecas no son solo infraestructura: son oportunidades para cambiar futuros.\u201d<\/p>\n<p>Con esta iniciativa, DK reafirma su compromiso de crear valor social sostenible en Ecuador y contribuir a una educaci\u00f3n m\u00e1s enriquecedora, inclusiva y transformadora. Laboratorio de Letras marcar\u00e1 un antes y un despu\u00e9s en la forma en que los ni\u00f1os se acercan a la lectura, sembrando posibilidades que trascienden generaciones.<\/p>\n","protected":false},"excerpt":{"rendered":"<p>Guayaquil.\u2013 En Ecuador, la lectura atraviesa un desaf\u00edo urgente: aunque el 57,2% de la poblaci\u00f3n afirma leer, el promedio anual apenas llega a un libro completo, seg\u00fan la Encuesta de H\u00e1bitos, Pr\u00e1cticas y Consumos Culturales del Ministerio de Cultura. Esta situaci\u00f3n se agrava por un dato estructural: solo 6 de cada 100 escuelas del pa\u00eds [&hellip;]<\/p>\n","protected":false},"author":2,"featured_media":43357,"comment_status":"open","ping_status":"closed","sticky":false,"template":"","format":"standard","meta":{"_jetpack_memberships_contains_paid_content":false,"footnotes":""},"categories":[13],"tags":[6854],"class_list":["post-43356","post","type-post","status-publish","format-standard","has-post-thumbnail","hentry","category-noticias-nacionales","tag-laboratorio-de-letras"],"jetpack_featured_media_url":"https:\/\/radiocresatelital.com\/wp-content\/uploads\/2025\/12\/WhatsApp-Image-2025-12-04-at-18.14.43.jpeg","jetpack_sharing_enabled":true,"_links":{"self":[{"href":"https:\/\/radiocresatelital.com\/index.php?rest_route=\/wp\/v2\/posts\/43356","targetHints":{"allow":["GET"]}}],"collection":[{"href":"https:\/\/radiocresatelital.com\/index.php?rest_route=\/wp\/v2\/posts"}],"about":[{"href":"https:\/\/radiocresatelital.com\/index.php?rest_route=\/wp\/v2\/types\/post"}],"author":[{"embeddable":true,"href":"https:\/\/radiocresatelital.com\/index.php?rest_route=\/wp\/v2\/users\/2"}],"replies":[{"embeddable":true,"href":"https:\/\/radiocresatelital.com\/index.php?rest_route=%2Fwp%2Fv2%2Fcomments&post=43356"}],"version-history":[{"count":1,"href":"https:\/\/radiocresatelital.com\/index.php?rest_route=\/wp\/v2\/posts\/43356\/revisions"}],"predecessor-version":[{"id":43358,"href":"https:\/\/radiocresatelital.com\/index.php?rest_route=\/wp\/v2\/posts\/43356\/revisions\/43358"}],"wp:featuredmedia":[{"embeddable":true,"href":"https:\/\/radiocresatelital.com\/index.php?rest_route=\/wp\/v2\/media\/43357"}],"wp:attachment":[{"href":"https:\/\/radiocresatelital.com\/index.php?rest_route=%2Fwp%2Fv2%2Fmedia&parent=43356"}],"wp:term":[{"taxonomy":"category","embeddable":true,"href":"https:\/\/radiocresatelital.com\/index.php?rest_route=%2Fwp%2Fv2%2Fcategories&post=43356"},{"taxonomy":"post_tag","embeddable":true,"href":"https:\/\/radiocresatelital.com\/index.php?rest_route=%2Fwp%2Fv2%2Ftags&post=43356"}],"curies":[{"name":"wp","href":"https:\/\/api.w.org\/{rel}","templated":true}]}}