{"id":43330,"date":"2025-12-05T21:25:06","date_gmt":"2025-12-05T21:25:06","guid":{"rendered":"https:\/\/radiocresatelital.com\/?p=43330"},"modified":"2025-12-05T21:26:26","modified_gmt":"2025-12-05T21:26:26","slug":"carrera-inclusiva-y-actividades-adaptadas-marcan-aventuras-sin-barreras-3-0","status":"publish","type":"post","link":"https:\/\/radiocresatelital.com\/?p=43330","title":{"rendered":"Carrera inclusiva y actividades adaptadas marcan Aventuras Sin Barreras 3.0"},"content":{"rendered":"<p>Guayaquil.- Ni\u00f1os, j\u00f3venes, adultos y personas con discapacidad se preparan para vivir una experiencia \u00fanica en el Parque Samanes. Este fin de semana, el programa Aventuras Sin Barreras 3.0, desarrollado por el Municipio en alianza con la Fundaci\u00f3n The Project Social, abrir\u00e1 sus puertas con actividades adaptadas, deportes y espacios de encuentro comunitario bajo un enfoque de accesibilidad universal. Entre lo m\u00e1s esperado destaca una carrera inclusiva de 1K y 3K, abierta a personas con discapacidad y al p\u00fablico general, que se realizar\u00e1 el domingo 7 de diciembre.<\/p>\n<p>Este a\u00f1o, m\u00e1s de 94.000 personas de distintos sectores de la ciudad y parroquias rurales se han beneficiado de los programas deportivos y recreativos municipales. De ellas, 3.800 cuentan con discapacidad o movilidad reducida, quienes han disfrutado de actividades adaptadas, acompa\u00f1amiento especializado y espacios dise\u00f1ados para<br \/>\ngarantizar su participaci\u00f3n plena y segura.<\/p>\n<p>Los campamentos Aventuras Sin Barreras han sido protagonistas de este proceso, ofreciendo experiencias recreativas seguras para todas las edades y condiciones.<\/p>\n<p>Estas iniciativas refuerzan la visi\u00f3n del alcalde Aquiles Alvarez: \u201chacer una ciudad que reduce brechas y promueve el derecho al esparcimiento en igualdad de condiciones\u201d.<\/p>\n<p>Mirando hacia 2026, el Municipio proyecta cuatro Campamentos Inclusivos, uno por mes entre enero y abril, tambi\u00e9n en el Parque Samanes. Cada jornada contar\u00e1 con din\u00e1micas recreativas adaptadas a todos los participantes, fomentando convivencia, bienestar emocional y participaci\u00f3n activa, consolidando el compromiso de la ciudad<br \/>\ncon la inclusi\u00f3n social a trav\u00e9s del deporte y la recreaci\u00f3n.<\/p>\n","protected":false},"excerpt":{"rendered":"<p>Guayaquil.- Ni\u00f1os, j\u00f3venes, adultos y personas con discapacidad se preparan para vivir una experiencia \u00fanica en el Parque Samanes. Este fin de semana, el programa Aventuras Sin Barreras 3.0, desarrollado por el Municipio en alianza con la Fundaci\u00f3n The Project Social, abrir\u00e1 sus puertas con actividades adaptadas, deportes y espacios de encuentro comunitario bajo un [&hellip;]<\/p>\n","protected":false},"author":2,"featured_media":43333,"comment_status":"open","ping_status":"closed","sticky":false,"template":"","format":"standard","meta":{"_jetpack_memberships_contains_paid_content":false,"footnotes":""},"categories":[9,33],"tags":[6942],"class_list":["post-43330","post","type-post","status-publish","format-standard","has-post-thumbnail","hentry","category-deportes","category-guayaquil","tag-fundacion-the-project-social"],"jetpack_featured_media_url":"https:\/\/radiocresatelital.com\/wp-content\/uploads\/2025\/12\/543183879_1112660407707684_782374374728669534_n-1024x768-1.jpg","jetpack_sharing_enabled":true,"_links":{"self":[{"href":"https:\/\/radiocresatelital.com\/index.php?rest_route=\/wp\/v2\/posts\/43330","targetHints":{"allow":["GET"]}}],"collection":[{"href":"https:\/\/radiocresatelital.com\/index.php?rest_route=\/wp\/v2\/posts"}],"about":[{"href":"https:\/\/radiocresatelital.com\/index.php?rest_route=\/wp\/v2\/types\/post"}],"author":[{"embeddable":true,"href":"https:\/\/radiocresatelital.com\/index.php?rest_route=\/wp\/v2\/users\/2"}],"replies":[{"embeddable":true,"href":"https:\/\/radiocresatelital.com\/index.php?rest_route=%2Fwp%2Fv2%2Fcomments&post=43330"}],"version-history":[{"count":1,"href":"https:\/\/radiocresatelital.com\/index.php?rest_route=\/wp\/v2\/posts\/43330\/revisions"}],"predecessor-version":[{"id":43332,"href":"https:\/\/radiocresatelital.com\/index.php?rest_route=\/wp\/v2\/posts\/43330\/revisions\/43332"}],"wp:featuredmedia":[{"embeddable":true,"href":"https:\/\/radiocresatelital.com\/index.php?rest_route=\/wp\/v2\/media\/43333"}],"wp:attachment":[{"href":"https:\/\/radiocresatelital.com\/index.php?rest_route=%2Fwp%2Fv2%2Fmedia&parent=43330"}],"wp:term":[{"taxonomy":"category","embeddable":true,"href":"https:\/\/radiocresatelital.com\/index.php?rest_route=%2Fwp%2Fv2%2Fcategories&post=43330"},{"taxonomy":"post_tag","embeddable":true,"href":"https:\/\/radiocresatelital.com\/index.php?rest_route=%2Fwp%2Fv2%2Ftags&post=43330"}],"curies":[{"name":"wp","href":"https:\/\/api.w.org\/{rel}","templated":true}]}}