{"id":43327,"date":"2025-12-05T21:22:32","date_gmt":"2025-12-05T21:22:32","guid":{"rendered":"https:\/\/radiocresatelital.com\/?p=43327"},"modified":"2025-12-05T21:22:32","modified_gmt":"2025-12-05T21:22:32","slug":"zumar-encendio-la-navidad-con-arte-y-alegria-en-bastion-popular","status":"publish","type":"post","link":"https:\/\/radiocresatelital.com\/?p=43327","title":{"rendered":"ZUMAR encendi\u00f3 la Navidad con arte y alegr\u00eda en Basti\u00f3n Popular"},"content":{"rendered":"<p>Guayaquil.- Villancicos, coreograf\u00edas y un ambiente festivo marcaron la jornada navide\u00f1a realizada este jueves 4 de diciembre en la glorieta del Centro Polifuncional ZUMAR, en Basti\u00f3n Popular, durante el tradicional encendido del \u00e1rbol.<\/p>\n<p>El evento reuni\u00f3 a estudiantes de las diferentes disciplinas art\u00edsticas de ZUMAR, quienes, acompa\u00f1ados por sus familias, presentaron un espect\u00e1culo lleno de color, m\u00fasica y emotividad. Ni\u00f1os, adolescentes y adultos mostraron el valor de estos espacios que fortalecen la convivencia, integran a la comunidad y potencian el desarrollo art\u00edstico del sector.<\/p>\n<p>\u201cHoy abrimos las festividades navide\u00f1as en Basti\u00f3n Popular con la presentaci\u00f3n de nuestras artistas de los centros de arte. Los ni\u00f1os peque\u00f1itos que son quienes disfrutan m\u00e1s este momento\u201d, expres\u00f3 Sonia P\u00e9rez, coordinadora general de proyectos de ZUMAR.<\/p>\n<p>El p\u00fablico disfrut\u00f3 de n\u00fameros preparados por el grupo de Baby Dance con la \u201cMacarena navide\u00f1a\u201d, y del coro infantil con la interpretaci\u00f3n de \u201cYa viene el ni\u00f1ito\u201d. La programaci\u00f3n incluy\u00f3 adem\u00e1s piezas de Danza Afro como \u201cNavidad cotidiana\u201d y \u201cAfro Christmas\u201d, y cantos tradicionales entre ellos \u201cDulce Jes\u00fas m\u00edo\u201d, \u201cLos peces en el r\u00edo\u201d,<br \/>\n\u201cCampana sobre campana\u201d y \u201cNoche de paz\u201d.<\/p>\n<p>La llegada de Pap\u00e1 Noel fue uno de los momentos m\u00e1s aclamados. Su presencia acompa\u00f1\u00f3 el encendido del \u00e1rbol mientras los estudiantes interpretaban \u201cFeliz Navidad\u201d, generando emoci\u00f3n entre todos los asistentes.<\/p>\n<p>\u00c1ngel Mora, alumno de canto, comparti\u00f3 su alegr\u00eda tras la presentaci\u00f3n. \u201cMe pareci\u00f3 muy bonito que venga Santa Claus; lo m\u00e1s bonito fue que nos hizo sacar una sonrisa a todos\u201d, coment\u00f3.<\/p>\n<p>Las celebraciones continuar\u00e1n este viernes con los estudiantes de la Escuela de Arte Comunitario Casuarina, quienes ofrecer\u00e1n una nueva presentaci\u00f3n musical como parte de las actividades que celebran la uni\u00f3n, el arte y la esperanza.<\/p>\n","protected":false},"excerpt":{"rendered":"<p>Guayaquil.- Villancicos, coreograf\u00edas y un ambiente festivo marcaron la jornada navide\u00f1a realizada este jueves 4 de diciembre en la glorieta del Centro Polifuncional ZUMAR, en Basti\u00f3n Popular, durante el tradicional encendido del \u00e1rbol. El evento reuni\u00f3 a estudiantes de las diferentes disciplinas art\u00edsticas de ZUMAR, quienes, acompa\u00f1ados por sus familias, presentaron un espect\u00e1culo lleno de [&hellip;]<\/p>\n","protected":false},"author":2,"featured_media":43328,"comment_status":"open","ping_status":"closed","sticky":false,"template":"","format":"standard","meta":{"_jetpack_memberships_contains_paid_content":false,"footnotes":""},"categories":[33,13],"tags":[817],"class_list":["post-43327","post","type-post","status-publish","format-standard","has-post-thumbnail","hentry","category-guayaquil","category-noticias-nacionales","tag-zumar"],"jetpack_featured_media_url":"https:\/\/radiocresatelital.com\/wp-content\/uploads\/2025\/12\/6fc33d10-09f8-4a81-a502-fbeea61e2e91.jpeg","jetpack_sharing_enabled":true,"_links":{"self":[{"href":"https:\/\/radiocresatelital.com\/index.php?rest_route=\/wp\/v2\/posts\/43327","targetHints":{"allow":["GET"]}}],"collection":[{"href":"https:\/\/radiocresatelital.com\/index.php?rest_route=\/wp\/v2\/posts"}],"about":[{"href":"https:\/\/radiocresatelital.com\/index.php?rest_route=\/wp\/v2\/types\/post"}],"author":[{"embeddable":true,"href":"https:\/\/radiocresatelital.com\/index.php?rest_route=\/wp\/v2\/users\/2"}],"replies":[{"embeddable":true,"href":"https:\/\/radiocresatelital.com\/index.php?rest_route=%2Fwp%2Fv2%2Fcomments&post=43327"}],"version-history":[{"count":1,"href":"https:\/\/radiocresatelital.com\/index.php?rest_route=\/wp\/v2\/posts\/43327\/revisions"}],"predecessor-version":[{"id":43329,"href":"https:\/\/radiocresatelital.com\/index.php?rest_route=\/wp\/v2\/posts\/43327\/revisions\/43329"}],"wp:featuredmedia":[{"embeddable":true,"href":"https:\/\/radiocresatelital.com\/index.php?rest_route=\/wp\/v2\/media\/43328"}],"wp:attachment":[{"href":"https:\/\/radiocresatelital.com\/index.php?rest_route=%2Fwp%2Fv2%2Fmedia&parent=43327"}],"wp:term":[{"taxonomy":"category","embeddable":true,"href":"https:\/\/radiocresatelital.com\/index.php?rest_route=%2Fwp%2Fv2%2Fcategories&post=43327"},{"taxonomy":"post_tag","embeddable":true,"href":"https:\/\/radiocresatelital.com\/index.php?rest_route=%2Fwp%2Fv2%2Ftags&post=43327"}],"curies":[{"name":"wp","href":"https:\/\/api.w.org\/{rel}","templated":true}]}}