{"id":43317,"date":"2025-12-05T20:11:29","date_gmt":"2025-12-05T20:11:29","guid":{"rendered":"https:\/\/radiocresatelital.com\/?p=43317"},"modified":"2025-12-05T20:11:29","modified_gmt":"2025-12-05T20:11:29","slug":"donald-trump-galardonado-con-el-premio-fifa-de-la-paz-2025","status":"publish","type":"post","link":"https:\/\/radiocresatelital.com\/?p=43317","title":{"rendered":"Donald Trump galardonado con el Premio FIFA de la Paz 2025"},"content":{"rendered":"<p>Washington.- El Primer Mandatario de Estados Unidos, Donald Trump, ha sido galardonado por la federaci\u00f3n Internacional de F\u00fatbol Asociado (FIFA) el primer premio FIFA de la Paz gracias a su \u00abacci\u00f3n extraordinaria\u00bb para tratar de lograr la paz en lugares como Gaza, el sudeste asi\u00e1tico, \u00c1frica o Ucrania, seg\u00fan explic\u00f3 el m\u00e1ximo organismo del f\u00fatbol.<\/p>\n<p>\u00abEl mundo es ahora un lugar m\u00e1s seguro. Hace un a\u00f1o, Estados Unidos no estaba pasando por un buen momento, y ahora tengo que decir que somos el pa\u00eds m\u00e1s pujante del mundo y vamos a seguir si\u00e9ndolo\u00bb, afirm\u00f3 con convicci\u00f3n Trump tras recibir el galard\u00f3n durante el evento previo al sorteo del Mundial de f\u00fatbol de 2026, que su pa\u00eds coorganiza con M\u00e9xico y Canad\u00e1.<\/p>\n<p>El republicano asever\u00f3 que fue dif\u00edcil mediar en varios conflictos este a\u00f1o y destac\u00f3 la presencia en el acto que se celebra en el Centro Kennedy de Washington de los jefes de Gobierno de M\u00e9xico y Canad\u00e1, Claudia Sheinbaum y Mark Carney, con quien dijo trabajar \u00abestrechamente\u00bb para la organizaci\u00f3n del torneo entre junio y julio el a\u00f1o pr\u00f3ximo.<\/p>\n<p>\u00abLa coordinaci\u00f3n, la amistad y la relaci\u00f3n han sido excepcionales\u00bb, a\u00f1adi\u00f3 Trump.<\/p>\n<p><img decoding=\"async\" src=\"https:\/\/images.euronews.com\/articles\/stories\/09\/57\/35\/16\/1536x864_cmsv2_35057ecb-86b0-5c42-b280-c8d593271307-9573516.jpg\" alt=\"Trump recibe el nuevo Premio de la Paz de la FIFA: &quot;No necesito premios,  s\u00f3lo quiero salvar vidas&quot; | Euronews\" \/><\/p>\n<p>\u00abEsto es lo que queremos de un l\u00edder, un l\u00edder que se preocupe por la gente. Queremos vivir en un mundo seguro, en un entorno seguro. Queremos unirnos. Eso es lo que la gente busca hoy aqu\u00ed. Eso es lo que hacemos en la Copa del Mundo\u00bb, dijo el presidente de la FIFA, Gianni Infantino, tras entregarle a Trump un gran y aparatoso trofeo dorado y una medalla que el mandatario se colg\u00f3 \u00e9l mismo del cuello.<\/p>\n<p>El presidente del m\u00e1ximo organismo rector del f\u00fatbol consider\u00f3 que Trump \u00absin duda merece el primer Premio de la Paz de la FIFA por sus acciones y por lo que ha conseguido\u00bb.<\/p>\n<p>Desde su regreso a la Casa Blanca el pasado enero, Trump ha tratado de capitalizar al m\u00e1ximo los distintos\u00a0acuerdos de paz, ocho seg\u00fan \u00e9l, en los que ha mediado con \u00e9xito este a\u00f1o.<\/p>\n<p>As\u00ed las cosas, la concesi\u00f3n de este galard\u00f3n ad hoc llega en un momento en el que Trump ha ordenado un despliegue militar para forzar al presidente venezolano, Nicol\u00e1s Maduro, a que abandone el poder y su ej\u00e9rcito bombardea de manera sumaria lanchas que asegura que transportan droga en el Caribe y el Pac\u00edfico, acciones que analiza ahora el Congreso ante la posibilidad de que constituyan un crimen.<\/p>\n<p>A su vez, organizaciones civiles plantearon esta semana su preocupaci\u00f3n por la perspectiva de que el campeonato se celebre en un pa\u00eds que no est\u00e1 respetando el debido proceso a la hora de, por ejemplo, detener y expulsar a inmigrantes o ciudadanos extranjeros en el pa\u00eds y criticaron la falta de transparencia de FIFA, que no ha hecho p\u00fablicos sus criterios para la concesi\u00f3n del premio.<\/p>\n","protected":false},"excerpt":{"rendered":"<p>Washington.- El Primer Mandatario de Estados Unidos, Donald Trump, ha sido galardonado por la federaci\u00f3n Internacional de F\u00fatbol Asociado (FIFA) el primer premio FIFA de la Paz gracias a su \u00abacci\u00f3n extraordinaria\u00bb para tratar de lograr la paz en lugares como Gaza, el sudeste asi\u00e1tico, \u00c1frica o Ucrania, seg\u00fan explic\u00f3 el m\u00e1ximo organismo del f\u00fatbol. [&hellip;]<\/p>\n","protected":false},"author":2,"featured_media":43318,"comment_status":"open","ping_status":"closed","sticky":false,"template":"","format":"standard","meta":{"_jetpack_memberships_contains_paid_content":false,"footnotes":""},"categories":[9,7],"tags":[442,6941],"class_list":["post-43317","post","type-post","status-publish","format-standard","has-post-thumbnail","hentry","category-deportes","category-futbol-internacional","tag-donald-trump","tag-fifa-por-la-paz"],"jetpack_featured_media_url":"https:\/\/radiocresatelital.com\/wp-content\/uploads\/2025\/12\/rss-efe7ccd9473769658a28253214250f8c1c0bea5ffe8w-1200x786-1.jpg","jetpack_sharing_enabled":true,"_links":{"self":[{"href":"https:\/\/radiocresatelital.com\/index.php?rest_route=\/wp\/v2\/posts\/43317","targetHints":{"allow":["GET"]}}],"collection":[{"href":"https:\/\/radiocresatelital.com\/index.php?rest_route=\/wp\/v2\/posts"}],"about":[{"href":"https:\/\/radiocresatelital.com\/index.php?rest_route=\/wp\/v2\/types\/post"}],"author":[{"embeddable":true,"href":"https:\/\/radiocresatelital.com\/index.php?rest_route=\/wp\/v2\/users\/2"}],"replies":[{"embeddable":true,"href":"https:\/\/radiocresatelital.com\/index.php?rest_route=%2Fwp%2Fv2%2Fcomments&post=43317"}],"version-history":[{"count":1,"href":"https:\/\/radiocresatelital.com\/index.php?rest_route=\/wp\/v2\/posts\/43317\/revisions"}],"predecessor-version":[{"id":43319,"href":"https:\/\/radiocresatelital.com\/index.php?rest_route=\/wp\/v2\/posts\/43317\/revisions\/43319"}],"wp:featuredmedia":[{"embeddable":true,"href":"https:\/\/radiocresatelital.com\/index.php?rest_route=\/wp\/v2\/media\/43318"}],"wp:attachment":[{"href":"https:\/\/radiocresatelital.com\/index.php?rest_route=%2Fwp%2Fv2%2Fmedia&parent=43317"}],"wp:term":[{"taxonomy":"category","embeddable":true,"href":"https:\/\/radiocresatelital.com\/index.php?rest_route=%2Fwp%2Fv2%2Fcategories&post=43317"},{"taxonomy":"post_tag","embeddable":true,"href":"https:\/\/radiocresatelital.com\/index.php?rest_route=%2Fwp%2Fv2%2Ftags&post=43317"}],"curies":[{"name":"wp","href":"https:\/\/api.w.org\/{rel}","templated":true}]}}