{"id":43306,"date":"2025-12-04T21:39:00","date_gmt":"2025-12-04T21:39:00","guid":{"rendered":"https:\/\/radiocresatelital.com\/?p=43306"},"modified":"2025-12-04T21:41:25","modified_gmt":"2025-12-04T21:41:25","slug":"corredores-navidenos-y-de-monigotes-reactivaran-el-comercio-de-2-000-emprendedores","status":"publish","type":"post","link":"https:\/\/radiocresatelital.com\/?p=43306","title":{"rendered":"Corredores navide\u00f1os y de monigotes reactivar\u00e1n el comercio de 2.000 emprendedores"},"content":{"rendered":"<p>Guayaquil.- El Municipio de Guayaquil activar\u00e1, por tercer a\u00f1o consecutivo, los corredores navide\u00f1os y de monigotes, una iniciativa que involucra a cerca de 2.000 comerciantes previamente registrados. Esta propuesta impulsa la econom\u00eda popular, dinamiza el comercio en los barrios, promueve la convivencia comunitaria y fortalece entornos m\u00e1s seguros para todos los guayaquile\u00f1os mediante la apropiaci\u00f3n positiva del espacio p\u00fablico.<\/p>\n<p>A partir de este s\u00e1bado 6 de diciembre, entre 08h30 y 18h30 locales (13h30 y 23h30 GMT), se habilitar\u00e1n los corredores navide\u00f1os, donde participar\u00e1n alrededor de 1.200 comerciantes distribuidos en:<\/p>\n<p>\u2022 Capit\u00e1n N\u00e1jera, desde Chile hasta Cacique \u00c1lvarez.<br \/>\n\u2022 Febres Cordero, entre Eloy Alfaro y Cacique \u00c1lvarez.<br \/>\n\u2022 Letamendi, desde la 28 hasta la 29 (per\u00edmetro de la unidad educativa e iglesia Sagrado Coraz\u00f3n de Mar\u00eda).<\/p>\n<p>Los corredores de monigotes iniciar\u00e1n el lunes 8 de diciembre, en tres puntos que reunir\u00e1n a cerca de 800 comerciantes:<\/p>\n<p>\u2022 Calle 6 de Marzo, desde Manab\u00ed hasta Venezuela.<br \/>\n\u2022 Av. Eduardo Sol\u00e1 Franco (Florida Norte), frente a la Unidad de Vigilancia Comunitaria.<br \/>\n\u2022 Sector del centro comercial Alb\u00e1n Borja, en los alrededores habilitados para la actividad.<\/p>\n<p>El Eje de Seguridad Municipal, liderado por Segura EP, trabajar\u00e1 de manera permanente en territorio para garantizar el orden p\u00fablico, el control del espacio y la prevenci\u00f3n de incidentes. El objetivo es que comerciantes y visitantes disfruten de espacios seguros, iluminados y organizados.<\/p>\n<p>Adicionalmente, se ha coordinado con todas las dependencias correspondientes para asegurar una recolecci\u00f3n eficiente de residuos, el uso adecuado de recipientes, m\u00f3dulos ordenados y se\u00f1alizados, as\u00ed como una distribuci\u00f3n regulada que respete accesos, garajes y la movilidad peatonal.<\/p>\n<p>Estas jornadas, desarrolladas por la Direcci\u00f3n de Aseo Cantonal, Mercados y Servicios Especiales (DACMSE), generan oportunidades y fortalecen el tejido comunitario. Tambi\u00e9n evidencian un esfuerzo sostenido por recuperar la vitalidad econ\u00f3mica de los barrios y brindar alternativas dignas a miles de familias que dependen del comercio independiente, dentro de un esquema de orden, limpieza y seguridad.<\/p>\n","protected":false},"excerpt":{"rendered":"<p>Guayaquil.- El Municipio de Guayaquil activar\u00e1, por tercer a\u00f1o consecutivo, los corredores navide\u00f1os y de monigotes, una iniciativa que involucra a cerca de 2.000 comerciantes previamente registrados. Esta propuesta impulsa la econom\u00eda popular, dinamiza el comercio en los barrios, promueve la convivencia comunitaria y fortalece entornos m\u00e1s seguros para todos los guayaquile\u00f1os mediante la apropiaci\u00f3n [&hellip;]<\/p>\n","protected":false},"author":2,"featured_media":43309,"comment_status":"open","ping_status":"closed","sticky":false,"template":"","format":"standard","meta":{"_jetpack_memberships_contains_paid_content":false,"footnotes":""},"categories":[33,13],"tags":[114],"class_list":["post-43306","post","type-post","status-publish","format-standard","has-post-thumbnail","hentry","category-guayaquil","category-noticias-nacionales","tag-municipio-de-guayaquil"],"jetpack_featured_media_url":"https:\/\/radiocresatelital.com\/wp-content\/uploads\/2025\/12\/6653675e46dc7-1.jpeg","jetpack_sharing_enabled":true,"_links":{"self":[{"href":"https:\/\/radiocresatelital.com\/index.php?rest_route=\/wp\/v2\/posts\/43306","targetHints":{"allow":["GET"]}}],"collection":[{"href":"https:\/\/radiocresatelital.com\/index.php?rest_route=\/wp\/v2\/posts"}],"about":[{"href":"https:\/\/radiocresatelital.com\/index.php?rest_route=\/wp\/v2\/types\/post"}],"author":[{"embeddable":true,"href":"https:\/\/radiocresatelital.com\/index.php?rest_route=\/wp\/v2\/users\/2"}],"replies":[{"embeddable":true,"href":"https:\/\/radiocresatelital.com\/index.php?rest_route=%2Fwp%2Fv2%2Fcomments&post=43306"}],"version-history":[{"count":1,"href":"https:\/\/radiocresatelital.com\/index.php?rest_route=\/wp\/v2\/posts\/43306\/revisions"}],"predecessor-version":[{"id":43308,"href":"https:\/\/radiocresatelital.com\/index.php?rest_route=\/wp\/v2\/posts\/43306\/revisions\/43308"}],"wp:featuredmedia":[{"embeddable":true,"href":"https:\/\/radiocresatelital.com\/index.php?rest_route=\/wp\/v2\/media\/43309"}],"wp:attachment":[{"href":"https:\/\/radiocresatelital.com\/index.php?rest_route=%2Fwp%2Fv2%2Fmedia&parent=43306"}],"wp:term":[{"taxonomy":"category","embeddable":true,"href":"https:\/\/radiocresatelital.com\/index.php?rest_route=%2Fwp%2Fv2%2Fcategories&post=43306"},{"taxonomy":"post_tag","embeddable":true,"href":"https:\/\/radiocresatelital.com\/index.php?rest_route=%2Fwp%2Fv2%2Ftags&post=43306"}],"curies":[{"name":"wp","href":"https:\/\/api.w.org\/{rel}","templated":true}]}}