{"id":43303,"date":"2025-12-04T21:06:27","date_gmt":"2025-12-04T21:06:27","guid":{"rendered":"https:\/\/radiocresatelital.com\/?p=43303"},"modified":"2025-12-04T21:06:27","modified_gmt":"2025-12-04T21:06:27","slug":"gestion-del-presidente-daniel-noboa-permite-llevar-electricidad-por-primera-vez-a-comunidad-que-espero-61-anos-en-manabi","status":"publish","type":"post","link":"https:\/\/radiocresatelital.com\/?p=43303","title":{"rendered":"Gesti\u00f3n del presidente Daniel Noboa permite llevar electricidad por primera vez a comunidad que esper\u00f3 61 a\u00f1os en Manab\u00ed"},"content":{"rendered":"<div class=\"row\">\n<section id=\"postcontent\" class=\"col-md-9 col-sm-6 line-right\">\n<p class=\"has-medium-font-size\">Quito.- Despu\u00e9s de m\u00e1s de seis d\u00e9cadas sin acceso a un servicio b\u00e1sico esencial, la gesti\u00f3n del Gobierno de El Nuevo Ecuador, el Ministerio de Ambiente y Energ\u00eda y la Corporaci\u00f3n Nacional de Electricidad (CNEL EP) hizo posible que la comunidad Santiago, en el cant\u00f3n Pichincha, provincia de Manab\u00ed, cuente por primera vez con energ\u00eda el\u00e9ctrica. Esta obra hist\u00f3rica es parte del compromiso de atender de manera prioritaria a los sectores rurales del pa\u00eds.<\/p>\n<p class=\"has-medium-font-size\">El proyecto, que represent\u00f3 una inversi\u00f3n cercana a los 50 mil d\u00f3lares, incluy\u00f3 la instalaci\u00f3n de 33 postes, 14 transformadores, 7.5 kil\u00f3metros de redes el\u00e9ctricas y 25 luminarias LED, infraestructura que garantiza un servicio seguro, continuo y alumbrado p\u00fablico para las 25 familias que habitan esta comunidad agr\u00edcola.<\/p>\n<p class=\"has-medium-font-size\">La ministra de Ambiente y Energ\u00eda, In\u00e9s Manzano, destac\u00f3 el alcance social de este logro: \u201cHoy cumplimos un anhelo pendiente durante 61 a\u00f1os. Llevar electricidad transforma el presente y futuro de las comunidades. Este Gobierno llegar\u00e1 a cada rinc\u00f3n del pa\u00eds para garantizar servicios esenciales y dignidad\u201d, afirm\u00f3.<\/p>\n<p class=\"has-medium-font-size\">El gerente general de CNEL EP, \u00c1ngel Erazo, resalt\u00f3 el compromiso institucional:<\/p>\n<p class=\"has-medium-font-size\">\u201cResolver una necesidad postergada por m\u00e1s de seis d\u00e9cadas demuestra que, cuando se trabaja con decisi\u00f3n, no existen barreras para garantizar derechos y mejorar la calidad de vida\u201d.<\/p>\n<p class=\"has-medium-font-size\">El acceso a energ\u00eda el\u00e9ctrica permitir\u00e1 a la comunidad Santiago incorporar tecnolog\u00edas productivas, fortalecer emprendimientos locales y dinamizar la econom\u00eda familiar, generando nuevas oportunidades de desarrollo y bienestar.<\/p>\n<p class=\"has-medium-font-size\">El Gobierno Nacional continuar\u00e1 recorriendo las zonas rurales de Manab\u00ed para levantar necesidades directamente con sus habitantes y ejecutar obras que cierren brechas hist\u00f3ricas, con el objetivo de promover equidad territorial y desarrollo sostenible.<\/p>\n<\/section>\n<\/div>\n","protected":false},"excerpt":{"rendered":"<p>Quito.- Despu\u00e9s de m\u00e1s de seis d\u00e9cadas sin acceso a un servicio b\u00e1sico esencial, la gesti\u00f3n del Gobierno de El Nuevo Ecuador, el Ministerio de Ambiente y Energ\u00eda y la Corporaci\u00f3n Nacional de Electricidad (CNEL EP) hizo posible que la comunidad Santiago, en el cant\u00f3n Pichincha, provincia de Manab\u00ed, cuente por primera vez con energ\u00eda [&hellip;]<\/p>\n","protected":false},"author":2,"featured_media":43304,"comment_status":"open","ping_status":"closed","sticky":false,"template":"","format":"standard","meta":{"_jetpack_memberships_contains_paid_content":false,"footnotes":""},"categories":[13],"tags":[1802,5422],"class_list":["post-43303","post","type-post","status-publish","format-standard","has-post-thumbnail","hentry","category-noticias-nacionales","tag-corporacion-nacional-de-electricidad","tag-ministerio-de-ambiente-y-energia"],"jetpack_featured_media_url":"https:\/\/radiocresatelital.com\/wp-content\/uploads\/2025\/12\/WhatsApp-Image-2025-11-29-at-11.06.45-AM.jpeg","jetpack_sharing_enabled":true,"_links":{"self":[{"href":"https:\/\/radiocresatelital.com\/index.php?rest_route=\/wp\/v2\/posts\/43303","targetHints":{"allow":["GET"]}}],"collection":[{"href":"https:\/\/radiocresatelital.com\/index.php?rest_route=\/wp\/v2\/posts"}],"about":[{"href":"https:\/\/radiocresatelital.com\/index.php?rest_route=\/wp\/v2\/types\/post"}],"author":[{"embeddable":true,"href":"https:\/\/radiocresatelital.com\/index.php?rest_route=\/wp\/v2\/users\/2"}],"replies":[{"embeddable":true,"href":"https:\/\/radiocresatelital.com\/index.php?rest_route=%2Fwp%2Fv2%2Fcomments&post=43303"}],"version-history":[{"count":1,"href":"https:\/\/radiocresatelital.com\/index.php?rest_route=\/wp\/v2\/posts\/43303\/revisions"}],"predecessor-version":[{"id":43305,"href":"https:\/\/radiocresatelital.com\/index.php?rest_route=\/wp\/v2\/posts\/43303\/revisions\/43305"}],"wp:featuredmedia":[{"embeddable":true,"href":"https:\/\/radiocresatelital.com\/index.php?rest_route=\/wp\/v2\/media\/43304"}],"wp:attachment":[{"href":"https:\/\/radiocresatelital.com\/index.php?rest_route=%2Fwp%2Fv2%2Fmedia&parent=43303"}],"wp:term":[{"taxonomy":"category","embeddable":true,"href":"https:\/\/radiocresatelital.com\/index.php?rest_route=%2Fwp%2Fv2%2Fcategories&post=43303"},{"taxonomy":"post_tag","embeddable":true,"href":"https:\/\/radiocresatelital.com\/index.php?rest_route=%2Fwp%2Fv2%2Ftags&post=43303"}],"curies":[{"name":"wp","href":"https:\/\/api.w.org\/{rel}","templated":true}]}}