{"id":43293,"date":"2025-12-04T20:56:21","date_gmt":"2025-12-04T20:56:21","guid":{"rendered":"https:\/\/radiocresatelital.com\/?p=43293"},"modified":"2025-12-04T20:56:21","modified_gmt":"2025-12-04T20:56:21","slug":"anthony-coque-ascendido-al-equipo-continental-del-movistar-best-pc","status":"publish","type":"post","link":"https:\/\/radiocresatelital.com\/?p=43293","title":{"rendered":"Anthony Coque, ascendido al equipo continental del Movistar Best PC"},"content":{"rendered":"<p>Quito.- Tras una interesante temporada, en la que gan\u00f3 en varias competencias locales en la categor\u00eda juvenil, el ciclista Anthony Coque fue ascendido al equipo continental del Movistar Best PC<strong>.<\/strong><\/p>\n<p>El ciclista nacido en Salcedo, provincia de Cotopaxi, de 18 a\u00f1os, en este a\u00f1o qued\u00f3 campe\u00f3n de la Copa FEC, tercero en el Campeonato Nacional Juvenil y sexto en el Campeonato Panamericano Juvenil.<\/p>\n<p>\u201cEstoy viviendo un sue\u00f1o hecho realidad. Ascender al equipo principal me ha dejado sin palabras. Recuerdo cuando empec\u00e9 a pedalear a los 10 a\u00f1os, y mi abuelito, Lucho Guerra, estaba all\u00ed, anim\u00e1ndome a seguir adelante. Hoy, 8 a\u00f1os despu\u00e9s, puedo decir que todo el esfuerzo y la dedicaci\u00f3n han valido la pena\u201d, mencion\u00f3 el corredor.<\/p>\n<p>Emocionado por este ascenso, el pedalista del <strong>Movistar Best PC<\/strong> expres\u00f3 que \u201cla noticia me lleg\u00f3 como un rayo de emoci\u00f3n, y me hizo recordar todos los momentos dif\u00edciles y las horas de entrenamiento que he pasado lejos de mi familia. Pero no fue en vano. Cada kil\u00f3metro recorrido, cada subida empinada, cada sacrificio&#8230; todo ha sido para llegar a este momento\u201d.<\/p>\n<p>La algarab\u00eda dio paso a los agradecimientos a sus seres queridos. \u201cA mi familia, que ha sido mi roca, mi apoyo y mi motivaci\u00f3n. Abuelito Lucho, gracias por estar siempre all\u00ed, por creer en m\u00ed y por animarme a seguir adelante. A mi mam\u00e1 y pap\u00e1, gracias por su amor y su apoyo incondicional. Me siento afortunado de tenerlos en mi vida\u201d.<\/p>\n<p>As\u00ed como a las personas que creyeron en el talento del Telef\u00f3nico, como \u201ca mis entrenadores, gracias por su paciencia, su dedicaci\u00f3n y su pasi\u00f3n. Han sido fundamentales en mi carrera y les estoy eternamente agradecido. A todos los que han estado conmigo en este camino, gracias por su apoyo y su confianza\u201d.<\/p>\n<p>Al tiempo que a\u00f1adi\u00f3 que \u201ceste logro es para todos ustedes, y es solo el comienzo. Estoy emocionado de ver lo que viene a continuaci\u00f3n y de seguir trabajando para alcanzar mis objetivos\u201d.<\/p>\n<p>El debut con el equipo continental del <strong>Movistar Best PC <\/strong>est\u00e1 previsto para la pr\u00f3xima temporada, en donde buscar\u00e1 afianzar los logros obtenidos en la actual campa\u00f1a.<\/p>\n","protected":false},"excerpt":{"rendered":"<p>Quito.- Tras una interesante temporada, en la que gan\u00f3 en varias competencias locales en la categor\u00eda juvenil, el ciclista Anthony Coque fue ascendido al equipo continental del Movistar Best PC. El ciclista nacido en Salcedo, provincia de Cotopaxi, de 18 a\u00f1os, en este a\u00f1o qued\u00f3 campe\u00f3n de la Copa FEC, tercero en el Campeonato Nacional [&hellip;]<\/p>\n","protected":false},"author":2,"featured_media":43294,"comment_status":"open","ping_status":"closed","sticky":false,"template":"","format":"standard","meta":{"_jetpack_memberships_contains_paid_content":false,"footnotes":""},"categories":[120,9],"tags":[1029],"class_list":["post-43293","post","type-post","status-publish","format-standard","has-post-thumbnail","hentry","category-ciclismo","category-deportes","tag-movistar-best-pc"],"jetpack_featured_media_url":"https:\/\/radiocresatelital.com\/wp-content\/uploads\/2025\/12\/WhatsApp-Image-2025-12-04-at-10.41.48.jpeg","jetpack_sharing_enabled":true,"_links":{"self":[{"href":"https:\/\/radiocresatelital.com\/index.php?rest_route=\/wp\/v2\/posts\/43293","targetHints":{"allow":["GET"]}}],"collection":[{"href":"https:\/\/radiocresatelital.com\/index.php?rest_route=\/wp\/v2\/posts"}],"about":[{"href":"https:\/\/radiocresatelital.com\/index.php?rest_route=\/wp\/v2\/types\/post"}],"author":[{"embeddable":true,"href":"https:\/\/radiocresatelital.com\/index.php?rest_route=\/wp\/v2\/users\/2"}],"replies":[{"embeddable":true,"href":"https:\/\/radiocresatelital.com\/index.php?rest_route=%2Fwp%2Fv2%2Fcomments&post=43293"}],"version-history":[{"count":1,"href":"https:\/\/radiocresatelital.com\/index.php?rest_route=\/wp\/v2\/posts\/43293\/revisions"}],"predecessor-version":[{"id":43295,"href":"https:\/\/radiocresatelital.com\/index.php?rest_route=\/wp\/v2\/posts\/43293\/revisions\/43295"}],"wp:featuredmedia":[{"embeddable":true,"href":"https:\/\/radiocresatelital.com\/index.php?rest_route=\/wp\/v2\/media\/43294"}],"wp:attachment":[{"href":"https:\/\/radiocresatelital.com\/index.php?rest_route=%2Fwp%2Fv2%2Fmedia&parent=43293"}],"wp:term":[{"taxonomy":"category","embeddable":true,"href":"https:\/\/radiocresatelital.com\/index.php?rest_route=%2Fwp%2Fv2%2Fcategories&post=43293"},{"taxonomy":"post_tag","embeddable":true,"href":"https:\/\/radiocresatelital.com\/index.php?rest_route=%2Fwp%2Fv2%2Ftags&post=43293"}],"curies":[{"name":"wp","href":"https:\/\/api.w.org\/{rel}","templated":true}]}}