{"id":43265,"date":"2025-12-04T19:48:23","date_gmt":"2025-12-04T19:48:23","guid":{"rendered":"https:\/\/radiocresatelital.com\/?p=43265"},"modified":"2025-12-04T19:52:09","modified_gmt":"2025-12-04T19:52:09","slug":"uso-eficiente-de-la-caja-estacionaria-en-sauces-4-marca-un-cambio-visible-en-el-sector","status":"publish","type":"post","link":"https:\/\/radiocresatelital.com\/?p=43265","title":{"rendered":"Uso eficiente de la caja estacionaria en Sauces 4 marca un cambio visible en el sector"},"content":{"rendered":"<p>Guayaquil.- Los habitantes de Sauces 4 se han convertido en un ejemplo de organizaci\u00f3n comunitaria en torno al manejo adecuado de desechos. Lo que antes representaba un desaf\u00edo para el ornato del sector, hoy evidencia una transformaci\u00f3n impulsada por la participaci\u00f3n de sus habitantes y el uso responsable de la caja estacionaria ubicada en el coraz\u00f3n del barrio.<\/p>\n<p>Cada d\u00eda, moradores, comercios y comedores depositan sus desechos de forma ordenada, lo que ha contribuido a que las \u00e1reas p\u00fablicas se mantengan en \u00f3ptimas condiciones. Esta din\u00e1mica comunitaria complementa la recolecci\u00f3n nocturna que se realiza los martes, jueves y s\u00e1bado, permitiendo que la disposici\u00f3n de residuos funcione sin interrupciones y se adapte a los horarios y necesidades de la zona.<\/p>\n<p>El sistema tiene un impacto tangible: el contenedor es vaciado diariamente por el carro recolector, retirando alrededor de 24 toneladas de desechos. Este flujo constante de limpieza asegura que Sauces 4 conserve un entorno saludable, libre de acumulaciones y con mayor seguridad para las familias que circulan por el sector.<\/p>\n<p>La Alcald\u00eda de Guayaquil destaca el compromiso de la comunidad y reafirma su trabajo para fortalecer una gesti\u00f3n de residuos responsable, cercana y eficiente, que impulse el bienestar de todos los guayaquile\u00f1os.<\/p>\n","protected":false},"excerpt":{"rendered":"<p>Guayaquil.- Los habitantes de Sauces 4 se han convertido en un ejemplo de organizaci\u00f3n comunitaria en torno al manejo adecuado de desechos. Lo que antes representaba un desaf\u00edo para el ornato del sector, hoy evidencia una transformaci\u00f3n impulsada por la participaci\u00f3n de sus habitantes y el uso responsable de la caja estacionaria ubicada en el [&hellip;]<\/p>\n","protected":false},"author":2,"featured_media":43269,"comment_status":"open","ping_status":"closed","sticky":false,"template":"","format":"standard","meta":{"_jetpack_memberships_contains_paid_content":false,"footnotes":""},"categories":[33,13],"tags":[6936],"class_list":["post-43265","post","type-post","status-publish","format-standard","has-post-thumbnail","hentry","category-guayaquil","category-noticias-nacionales","tag-sauces-4"],"jetpack_featured_media_url":"https:\/\/radiocresatelital.com\/wp-content\/uploads\/2025\/12\/GrkJCW0WwAA9Xl6.jpg","jetpack_sharing_enabled":true,"_links":{"self":[{"href":"https:\/\/radiocresatelital.com\/index.php?rest_route=\/wp\/v2\/posts\/43265","targetHints":{"allow":["GET"]}}],"collection":[{"href":"https:\/\/radiocresatelital.com\/index.php?rest_route=\/wp\/v2\/posts"}],"about":[{"href":"https:\/\/radiocresatelital.com\/index.php?rest_route=\/wp\/v2\/types\/post"}],"author":[{"embeddable":true,"href":"https:\/\/radiocresatelital.com\/index.php?rest_route=\/wp\/v2\/users\/2"}],"replies":[{"embeddable":true,"href":"https:\/\/radiocresatelital.com\/index.php?rest_route=%2Fwp%2Fv2%2Fcomments&post=43265"}],"version-history":[{"count":1,"href":"https:\/\/radiocresatelital.com\/index.php?rest_route=\/wp\/v2\/posts\/43265\/revisions"}],"predecessor-version":[{"id":43267,"href":"https:\/\/radiocresatelital.com\/index.php?rest_route=\/wp\/v2\/posts\/43265\/revisions\/43267"}],"wp:featuredmedia":[{"embeddable":true,"href":"https:\/\/radiocresatelital.com\/index.php?rest_route=\/wp\/v2\/media\/43269"}],"wp:attachment":[{"href":"https:\/\/radiocresatelital.com\/index.php?rest_route=%2Fwp%2Fv2%2Fmedia&parent=43265"}],"wp:term":[{"taxonomy":"category","embeddable":true,"href":"https:\/\/radiocresatelital.com\/index.php?rest_route=%2Fwp%2Fv2%2Fcategories&post=43265"},{"taxonomy":"post_tag","embeddable":true,"href":"https:\/\/radiocresatelital.com\/index.php?rest_route=%2Fwp%2Fv2%2Ftags&post=43265"}],"curies":[{"name":"wp","href":"https:\/\/api.w.org\/{rel}","templated":true}]}}