{"id":43244,"date":"2025-12-04T16:34:21","date_gmt":"2025-12-04T16:34:21","guid":{"rendered":"https:\/\/radiocresatelital.com\/?p=43244"},"modified":"2025-12-04T16:34:21","modified_gmt":"2025-12-04T16:34:21","slug":"prefectura-arrancara-el-ano-2026-con-la-rehabilitacion-de-mas-de-12-km-y-construccion-de-3-puentes-obra-estrategica-en-limites-territoriales-de-los-cantones-pedro-carbo-colimes-y-pajan","status":"publish","type":"post","link":"https:\/\/radiocresatelital.com\/?p=43244","title":{"rendered":"Prefectura arrancar\u00e1 el a\u00f1o 2026 con la rehabilitaci\u00f3n de m\u00e1s de 12 Km y construcci\u00f3n de 3 puentes, obra estrat\u00e9gica en l\u00edmites territoriales de los cantones Pedro Carbo, Colimes y Paj\u00e1n"},"content":{"rendered":"<p><span style=\"font-weight: 400;\">Guayaquil.- En la parroquia Valle de la Virgen, la Prefectura Ciudadana del Guayas, cumpli\u00f3 la fase de Divulgaci\u00f3n y Consultas a las Partes Interesadas de una obra esperada por a\u00f1os: la rehabilitaci\u00f3n de la v\u00eda Valle de la Virgen-L\u00edmite Provincial y L\u00edmite Provincial-Las Muras-L\u00edmite Provincial, ubicadas en los cantones Pedro Carbo y Colimes, respectivamente.\u00a0<\/span><\/p>\n<p><span style=\"font-weight: 400;\">A la actividad presidida por t\u00e9cnicos y especialistas del Gobierno Provincial, asistieron habitantes, autoridades locales, as\u00ed como representantes de Guayas y Manab\u00ed, quienes conocieron de primera mano los detalles del trazado del proyecto financiado por el Banco Mundial, como parte del programa \u201cV\u00edas Rurales Resilientes\u201d.\u00a0<\/span><\/p>\n<p><span style=\"font-weight: 400;\">La obra impulsada por la administraci\u00f3n de la prefecta Marcela Agui\u00f1aga, contempla la rehabilitaci\u00f3n de 12.86 km, incluyendo la construcci\u00f3n de tres puentes: uno de 20 metros sobre el r\u00edo Las Naranjas, en Pedro Carbo, y dos sobre los r\u00edos Dos Bandas (35 metros) y London (20 metros), en Colimes. Adem\u00e1s, contar\u00e1 con un moderno sistema de drenaje que permitir\u00e1 disponer de una v\u00eda m\u00e1s segura y resistente. De esta forma, se fortalecer\u00e1 la conexi\u00f3n entre Guayas y Manab\u00ed, beneficiando directamente a m\u00e1s de 11.000 personas.\u00a0<\/span><\/p>\n<p><span style=\"font-weight: 400;\">\u201cVa a impulsar una gran producci\u00f3n en cuanto a la econom\u00eda, al traslado de los habitantes y va a disminuir las horas entre uno y otro punto y va a corregir, sobre todo, en \u00e9poca invernal, donde ellos puedan circular libremente sin ning\u00fan tipo de inconveniente sobre esta v\u00eda\u201d, agreg\u00f3 el especialista del Banco Mundial, Alberto Jarr\u00edn, quien resalt\u00f3 la importancia de las alianzas para integrar territorios.<\/span><\/p>\n<p><span style=\"font-weight: 400;\">Se prev\u00e9 que los trabajos inicien durante el primer trimestre de 2026, con una duraci\u00f3n aproximada de ocho meses, siempre que las condiciones clim\u00e1ticas lo permitan. \u201cNosotros reconocemos el trabajo de la Prefectura en territorio, el respaldo tambi\u00e9n que recibe de cada una de las autoridades cantonales\u2026\u201d, concluy\u00f3 el alcalde de Pedro Carbo, Nelly Jaramillo.\u00a0<\/span><\/p>\n","protected":false},"excerpt":{"rendered":"<p>Guayaquil.- En la parroquia Valle de la Virgen, la Prefectura Ciudadana del Guayas, cumpli\u00f3 la fase de Divulgaci\u00f3n y Consultas a las Partes Interesadas de una obra esperada por a\u00f1os: la rehabilitaci\u00f3n de la v\u00eda Valle de la Virgen-L\u00edmite Provincial y L\u00edmite Provincial-Las Muras-L\u00edmite Provincial, ubicadas en los cantones Pedro Carbo y Colimes, respectivamente.\u00a0 A [&hellip;]<\/p>\n","protected":false},"author":2,"featured_media":43245,"comment_status":"open","ping_status":"closed","sticky":false,"template":"","format":"standard","meta":{"_jetpack_memberships_contains_paid_content":false,"footnotes":""},"categories":[13],"tags":[415],"class_list":["post-43244","post","type-post","status-publish","format-standard","has-post-thumbnail","hentry","category-noticias-nacionales","tag-prefectura-ciudadana-del-guayas"],"jetpack_featured_media_url":"https:\/\/radiocresatelital.com\/wp-content\/uploads\/2025\/12\/WhatsApp-Image-2025-12-04-at-09.14.39.jpeg","jetpack_sharing_enabled":true,"_links":{"self":[{"href":"https:\/\/radiocresatelital.com\/index.php?rest_route=\/wp\/v2\/posts\/43244","targetHints":{"allow":["GET"]}}],"collection":[{"href":"https:\/\/radiocresatelital.com\/index.php?rest_route=\/wp\/v2\/posts"}],"about":[{"href":"https:\/\/radiocresatelital.com\/index.php?rest_route=\/wp\/v2\/types\/post"}],"author":[{"embeddable":true,"href":"https:\/\/radiocresatelital.com\/index.php?rest_route=\/wp\/v2\/users\/2"}],"replies":[{"embeddable":true,"href":"https:\/\/radiocresatelital.com\/index.php?rest_route=%2Fwp%2Fv2%2Fcomments&post=43244"}],"version-history":[{"count":1,"href":"https:\/\/radiocresatelital.com\/index.php?rest_route=\/wp\/v2\/posts\/43244\/revisions"}],"predecessor-version":[{"id":43246,"href":"https:\/\/radiocresatelital.com\/index.php?rest_route=\/wp\/v2\/posts\/43244\/revisions\/43246"}],"wp:featuredmedia":[{"embeddable":true,"href":"https:\/\/radiocresatelital.com\/index.php?rest_route=\/wp\/v2\/media\/43245"}],"wp:attachment":[{"href":"https:\/\/radiocresatelital.com\/index.php?rest_route=%2Fwp%2Fv2%2Fmedia&parent=43244"}],"wp:term":[{"taxonomy":"category","embeddable":true,"href":"https:\/\/radiocresatelital.com\/index.php?rest_route=%2Fwp%2Fv2%2Fcategories&post=43244"},{"taxonomy":"post_tag","embeddable":true,"href":"https:\/\/radiocresatelital.com\/index.php?rest_route=%2Fwp%2Fv2%2Ftags&post=43244"}],"curies":[{"name":"wp","href":"https:\/\/api.w.org\/{rel}","templated":true}]}}