{"id":43236,"date":"2025-12-04T01:03:22","date_gmt":"2025-12-04T01:03:22","guid":{"rendered":"https:\/\/radiocresatelital.com\/?p=43236"},"modified":"2025-12-04T01:44:14","modified_gmt":"2025-12-04T01:44:14","slug":"una-mujer-fallecio-tras-recibir-un-disparo-durante-persecucion-policial-en-guayaquil","status":"publish","type":"post","link":"https:\/\/radiocresatelital.com\/?p=43236","title":{"rendered":"Una mujer falleci\u00f3 tras recibir un disparo durante persecuci\u00f3n policial en Guayaquil"},"content":{"rendered":"<p data-start=\"89\" data-end=\"317\">Guayaquil.- Una mujer muri\u00f3 tras recibir un disparo en la cabeza durante una persecuci\u00f3n policial en el centro de Guayaquil, a pocas cuadras de la Universidad Estatal. Testigos se\u00f1alan que la v\u00edctima cargaba a un beb\u00e9 al momento del ataque.<\/p>\n<p data-start=\"319\" data-end=\"549\">Seg\u00fan los primeros reportes, polic\u00edas persegu\u00edan a dos hombres en moto que hab\u00edan cometido un robo en un bus urbano la tarde del mi\u00e9rcoles 3 de diciembre de 2025. En medio del cruce de balas, una bala perdida impact\u00f3 a la mujer.<\/p>\n<p data-start=\"551\" data-end=\"612\">Un hombre tambi\u00e9n result\u00f3 herido y fue llevado a un hospital.<\/p>\n<p data-start=\"614\" data-end=\"814\">De acuerdo con la Polic\u00eda, los sospechosos abrieron fuego contra los uniformados, quienes respondieron con uso progresivo de la fuerza. Tras la persecuci\u00f3n, dos presuntos implicados fueron capturados<\/p>\n","protected":false},"excerpt":{"rendered":"<p>Guayaquil.- Una mujer muri\u00f3 tras recibir un disparo en la cabeza durante una persecuci\u00f3n policial en el centro de Guayaquil, a pocas cuadras de la Universidad Estatal. Testigos se\u00f1alan que la v\u00edctima cargaba a un beb\u00e9 al momento del ataque. Seg\u00fan los primeros reportes, polic\u00edas persegu\u00edan a dos hombres en moto que hab\u00edan cometido un [&hellip;]<\/p>\n","protected":false},"author":17,"featured_media":43237,"comment_status":"open","ping_status":"closed","sticky":false,"template":"","format":"standard","meta":{"_jetpack_memberships_contains_paid_content":false,"footnotes":""},"categories":[33,13],"tags":[6934],"class_list":["post-43236","post","type-post","status-publish","format-standard","has-post-thumbnail","hentry","category-guayaquil","category-noticias-nacionales","tag-guayaquil-violencia-seguridad-persecucion-policiaecuador-inseguridadec"],"jetpack_featured_media_url":"https:\/\/radiocresatelital.com\/wp-content\/uploads\/2025\/12\/568437186_1136814045321529_2937016269055006012_n.jpg","jetpack_sharing_enabled":true,"_links":{"self":[{"href":"https:\/\/radiocresatelital.com\/index.php?rest_route=\/wp\/v2\/posts\/43236","targetHints":{"allow":["GET"]}}],"collection":[{"href":"https:\/\/radiocresatelital.com\/index.php?rest_route=\/wp\/v2\/posts"}],"about":[{"href":"https:\/\/radiocresatelital.com\/index.php?rest_route=\/wp\/v2\/types\/post"}],"author":[{"embeddable":true,"href":"https:\/\/radiocresatelital.com\/index.php?rest_route=\/wp\/v2\/users\/17"}],"replies":[{"embeddable":true,"href":"https:\/\/radiocresatelital.com\/index.php?rest_route=%2Fwp%2Fv2%2Fcomments&post=43236"}],"version-history":[{"count":2,"href":"https:\/\/radiocresatelital.com\/index.php?rest_route=\/wp\/v2\/posts\/43236\/revisions"}],"predecessor-version":[{"id":43240,"href":"https:\/\/radiocresatelital.com\/index.php?rest_route=\/wp\/v2\/posts\/43236\/revisions\/43240"}],"wp:featuredmedia":[{"embeddable":true,"href":"https:\/\/radiocresatelital.com\/index.php?rest_route=\/wp\/v2\/media\/43237"}],"wp:attachment":[{"href":"https:\/\/radiocresatelital.com\/index.php?rest_route=%2Fwp%2Fv2%2Fmedia&parent=43236"}],"wp:term":[{"taxonomy":"category","embeddable":true,"href":"https:\/\/radiocresatelital.com\/index.php?rest_route=%2Fwp%2Fv2%2Fcategories&post=43236"},{"taxonomy":"post_tag","embeddable":true,"href":"https:\/\/radiocresatelital.com\/index.php?rest_route=%2Fwp%2Fv2%2Ftags&post=43236"}],"curies":[{"name":"wp","href":"https:\/\/api.w.org\/{rel}","templated":true}]}}