{"id":43215,"date":"2025-12-03T21:44:54","date_gmt":"2025-12-03T21:44:54","guid":{"rendered":"https:\/\/radiocresatelital.com\/?p=43215"},"modified":"2025-12-03T21:45:02","modified_gmt":"2025-12-03T21:45:02","slug":"alcalde-de-guayaquil-recibio-distincion-como-personalidad-destacada-por-la-inclusion-2025","status":"publish","type":"post","link":"https:\/\/radiocresatelital.com\/?p=43215","title":{"rendered":"Alcalde de Guayaquil recibi\u00f3 distinci\u00f3n como \u2018Personalidad Destacada por la Inclusi\u00f3n 2025\u2019"},"content":{"rendered":"<p>Guayaquil.- La Comuna de Barrios de Guayaquil y la Fundaci\u00f3n Sendero Azul entregaron un reconocimiento especial al alcalde Aquiles Alvarez Henr\u00edquez por su compromiso con la inclusi\u00f3n, en el contexto del D\u00eda Internacional de las Personas con Discapacidad.<\/p>\n<p>La distinci\u00f3n \u201cPersonalidad Destacada por la Igualdad y la Lucha de las Personas con Discapacidad 2025\u201d resalta su liderazgo en la defensa de los derechos de este grupo vulnerable y su trabajo para construir una ciudad m\u00e1s justa, accesible y con oportunidades para todos.<\/p>\n<p>Al recibir el galard\u00f3n, el Burgomaestre agradeci\u00f3 el gesto y se\u00f1al\u00f3 los avances impulsados por su administraci\u00f3n. Record\u00f3 que este 2 de diciembre la Direcci\u00f3n de Inclusi\u00f3n Social alcanz\u00f3 1 mill\u00f3n de atenciones a trav\u00e9s de sus distintos servicios.<\/p>\n<p>Tambi\u00e9n mencion\u00f3 la creaci\u00f3n de nueve \u00c1reas Territoriales Inclusivas (ATI), el Registro Social casa por casa y la entrega de ayudas t\u00e9cnicas con trazabilidad que evita desv\u00edos.<\/p>\n<p>Durante su intervenci\u00f3n, subray\u00f3 el cambio de enfoque que gu\u00eda la gesti\u00f3n municipal: \u201cLo que ha venido a hacer esta administraci\u00f3n municipal es romper paradigmas, romper con toda esa burocracia asquerosa que no ha visto nunca de cerca la inclusi\u00f3n en una ciudad\u201d. A la vez, reconoci\u00f3 los obst\u00e1culos existentes: \u201cEs duro porque lo p\u00fablico es<br \/>\nlento, vivimos en una burocracia asquerosa, porque dependemos de tramitolog\u00edas que duermen el sue\u00f1o eterno, as\u00ed est\u00e1 este pa\u00eds\u201d.<\/p>\n<p>Claudia Amat, miembro de la Fundaci\u00f3n Sendero Azul, organizaci\u00f3n que trabaja desde hace ocho a\u00f1os con personas con Trastorno del Espectro Autista (TEA) y sus familias, explic\u00f3 las razones del reconocimiento: \u201cEs porque han hecho much\u00edsimo en el tema de inclusi\u00f3n, tienen centros maravillosos que est\u00e1n trabajando con las personas con discapacidad, est\u00e1n atendiendo a much\u00edsimas personas en salud, educaci\u00f3n y creemos que es importante que se haga visible esto\u201d.<\/p>\n<p>La gesti\u00f3n municipal tambi\u00e9n ha extendido su presencia a zonas hist\u00f3ricamente relegadas, con brigadas en Tenguel, Posorja y Pun\u00e1, y dispone de centros especializados como Valientes, 4 de Enero, el Centro de Audici\u00f3n y Lenguaje y la Unidad de V\u00edctimas Especiales.<\/p>\n","protected":false},"excerpt":{"rendered":"<p>Guayaquil.- La Comuna de Barrios de Guayaquil y la Fundaci\u00f3n Sendero Azul entregaron un reconocimiento especial al alcalde Aquiles Alvarez Henr\u00edquez por su compromiso con la inclusi\u00f3n, en el contexto del D\u00eda Internacional de las Personas con Discapacidad. La distinci\u00f3n \u201cPersonalidad Destacada por la Igualdad y la Lucha de las Personas con Discapacidad 2025\u201d resalta [&hellip;]<\/p>\n","protected":false},"author":2,"featured_media":43216,"comment_status":"open","ping_status":"closed","sticky":false,"template":"","format":"standard","meta":{"_jetpack_memberships_contains_paid_content":false,"footnotes":""},"categories":[33,13],"tags":[1519,6930,3422,6931],"class_list":["post-43215","post","type-post","status-publish","format-standard","has-post-thumbnail","hentry","category-guayaquil","category-noticias-nacionales","tag-alcalde-aquiles-alvarez","tag-comuna-de-barrios-de-guayaquil","tag-dia-internacional-de-las-personas-con-discapacidad","tag-fundacion-sendero-azul"],"jetpack_featured_media_url":"https:\/\/radiocresatelital.com\/wp-content\/uploads\/2025\/12\/IMG-20251203-WA0206-scaled.jpg","jetpack_sharing_enabled":true,"_links":{"self":[{"href":"https:\/\/radiocresatelital.com\/index.php?rest_route=\/wp\/v2\/posts\/43215","targetHints":{"allow":["GET"]}}],"collection":[{"href":"https:\/\/radiocresatelital.com\/index.php?rest_route=\/wp\/v2\/posts"}],"about":[{"href":"https:\/\/radiocresatelital.com\/index.php?rest_route=\/wp\/v2\/types\/post"}],"author":[{"embeddable":true,"href":"https:\/\/radiocresatelital.com\/index.php?rest_route=\/wp\/v2\/users\/2"}],"replies":[{"embeddable":true,"href":"https:\/\/radiocresatelital.com\/index.php?rest_route=%2Fwp%2Fv2%2Fcomments&post=43215"}],"version-history":[{"count":1,"href":"https:\/\/radiocresatelital.com\/index.php?rest_route=\/wp\/v2\/posts\/43215\/revisions"}],"predecessor-version":[{"id":43217,"href":"https:\/\/radiocresatelital.com\/index.php?rest_route=\/wp\/v2\/posts\/43215\/revisions\/43217"}],"wp:featuredmedia":[{"embeddable":true,"href":"https:\/\/radiocresatelital.com\/index.php?rest_route=\/wp\/v2\/media\/43216"}],"wp:attachment":[{"href":"https:\/\/radiocresatelital.com\/index.php?rest_route=%2Fwp%2Fv2%2Fmedia&parent=43215"}],"wp:term":[{"taxonomy":"category","embeddable":true,"href":"https:\/\/radiocresatelital.com\/index.php?rest_route=%2Fwp%2Fv2%2Fcategories&post=43215"},{"taxonomy":"post_tag","embeddable":true,"href":"https:\/\/radiocresatelital.com\/index.php?rest_route=%2Fwp%2Fv2%2Ftags&post=43215"}],"curies":[{"name":"wp","href":"https:\/\/api.w.org\/{rel}","templated":true}]}}