{"id":43160,"date":"2025-12-03T19:14:07","date_gmt":"2025-12-03T19:14:07","guid":{"rendered":"https:\/\/radiocresatelital.com\/?p=43160"},"modified":"2025-12-03T19:14:07","modified_gmt":"2025-12-03T19:14:07","slug":"el-nuevo-ecuador-realiza-una-inversion-historica-de-104-1-millones-de-dolares-para-la-ampliacion-de-la-via-yambo-ambato","status":"publish","type":"post","link":"https:\/\/radiocresatelital.com\/?p=43160","title":{"rendered":"El Nuevo Ecuador realiza una inversi\u00f3n hist\u00f3rica de 104.1 millones de d\u00f3lares para la ampliaci\u00f3n de la v\u00eda Yambo \u2013 Ambato"},"content":{"rendered":"<p>Ambato.- El Ministro de Infraestructura y Transporte, Roberto Luque junto a autoridades locales, dio inicio oficial a la obra de ampliaci\u00f3n de 11.30 kil\u00f3metros de la v\u00eda Yambo \u2013 Ambato que beneficiar\u00e1 la conectividad vial, el comercio, el turismo y la calidad de vida de m\u00e1s de 5 millones habitantes de la Sierra Centro.<\/p>\n<p>Este proyecto emblem\u00e1tico, que conecta directamente a Cotopaxi y Tungurahua, contempla la ampliaci\u00f3n de 4 a 6 carriles, la ejecuci\u00f3n de 5 soluciones viales y la instalaci\u00f3n de 8 pasos peatonales, fortaleciendo la seguridad vial para conductores y peatones de la zona. Su plazo de ejecuci\u00f3n es de 26 meses y generar\u00e1 200 empleos directos y 500 indirectos, impulsando la econom\u00eda local durante su desarrollo.<\/p>\n<p>\u201cSon 104.1 millones de d\u00f3lares que el Presidente Daniel Noboa ha destinado para la ampliaci\u00f3n de la v\u00eda Yambo \u2013 Ambato. Una inversi\u00f3n hist\u00f3rica para beneficio de Tungurahua y Cotopaxi. Estas obras transforman el presente y abre la oportunidad de un futuro m\u00e1s pr\u00f3spero\u201d, mencion\u00f3 el ministro Roberto Luque.<\/p>\n<p>Durante el evento tambi\u00e9n se entregaron t\u00edtulos de propiedad en el marco del programa Creamos Patrimonio, que impulsa la adjudicaci\u00f3n de tierras rurales a familias que han esperado por a\u00f1os este reconocimiento legal. En esta ocasi\u00f3n, 94 hogares de Tungurahua y Cotopaxi fueron reconocidos formalmente.<\/p>\n<p>Fabi\u00e1n Guayta, uno de los beneficiarios, expres\u00f3, \u201cllevamos m\u00e1s de 19 a\u00f1os tratando de conseguir el t\u00edtulo de propiedad; ahora, por fin, es una realidad y podremos dejarles a nuestros hijos una herencia\u201d.<\/p>\n<p>Adem\u00e1s, se firm\u00f3 un convenio interinstitucional entre el Ministerio de Infraestructura y Transporte (MIT) y el GAD Provincial de Cotopaxi para la intervenci\u00f3n de la E35, La Delicia \u2013 Minas Antiguas del MIT, perteneciente a la parroquia Panzaleo, cant\u00f3n Salcedo. Con una inversi\u00f3n de 1.3 millones de d\u00f3lares el Gobierno Nacional demuestra su compromiso por el desarrollo vial del pa\u00eds.<\/p>\n<p>El ministro Luque, tambi\u00e9n visit\u00f3 el proyecto de vivienda de inter\u00e9s social en Pishilata, cant\u00f3n Ambato, donde evidenci\u00f3 el avance del 73 % de la obra que beneficiar\u00e1 a 72 familias que disfrutar\u00e1n de una vivienda digna y segura. El ministro enfatiz\u00f3 que \u201cdesde que asumimos esta cartera de Estado el objetivo es sacar adelante este tipo de proyectos a menor precio y en el menor tiempo posible\u201d.<\/p>\n<p>El proyecto contempla una inversi\u00f3n de 1.7 millones de d\u00f3lares para la construcci\u00f3n de 72 viviendas, 36 unidades de tres dormitorios y 36 de dos dormitorios. Adem\u00e1s, incorpora una casa comunal, una cancha y juegos infantiles, junto con locales comerciales y \u00e1reas de parqueo, configurando un espacio integral para las familias beneficiarias.<\/p>\n<p>Para finalizar su jornada de trabajo en Tungurahua, el ministro Roberto Luque, asisti\u00f3 al Conversatorio con los J\u00f3venes en Acci\u00f3n en la Gobernaci\u00f3n de Tungurahua. Son 217 j\u00f3venes quienes participan en las actividades relacionadas con el MIT.<\/p>\n<p>La agenda que cumpli\u00f3 el ministro Roberto Luque en Tungurahua y Cotopaxi es la muestra fehaciente del compromiso del Gobierno del presidente Daniel Noboa, por seguir impulsando proyectos que beneficien a todos los sectores de la sociedad.<\/p>\n","protected":false},"excerpt":{"rendered":"<p>Ambato.- El Ministro de Infraestructura y Transporte, Roberto Luque junto a autoridades locales, dio inicio oficial a la obra de ampliaci\u00f3n de 11.30 kil\u00f3metros de la v\u00eda Yambo \u2013 Ambato que beneficiar\u00e1 la conectividad vial, el comercio, el turismo y la calidad de vida de m\u00e1s de 5 millones habitantes de la Sierra Centro. Este [&hellip;]<\/p>\n","protected":false},"author":2,"featured_media":43161,"comment_status":"open","ping_status":"closed","sticky":false,"template":"","format":"standard","meta":{"_jetpack_memberships_contains_paid_content":false,"footnotes":""},"categories":[13],"tags":[5915,1394,6919],"class_list":["post-43160","post","type-post","status-publish","format-standard","has-post-thumbnail","hentry","category-noticias-nacionales","tag-ministro-de-infraestructura-y-transporte","tag-roberto-luque","tag-via-yambo-ambato"],"jetpack_featured_media_url":"https:\/\/radiocresatelital.com\/wp-content\/uploads\/2025\/12\/red-X-y-web-MIT-1536x850-1.png","jetpack_sharing_enabled":true,"_links":{"self":[{"href":"https:\/\/radiocresatelital.com\/index.php?rest_route=\/wp\/v2\/posts\/43160","targetHints":{"allow":["GET"]}}],"collection":[{"href":"https:\/\/radiocresatelital.com\/index.php?rest_route=\/wp\/v2\/posts"}],"about":[{"href":"https:\/\/radiocresatelital.com\/index.php?rest_route=\/wp\/v2\/types\/post"}],"author":[{"embeddable":true,"href":"https:\/\/radiocresatelital.com\/index.php?rest_route=\/wp\/v2\/users\/2"}],"replies":[{"embeddable":true,"href":"https:\/\/radiocresatelital.com\/index.php?rest_route=%2Fwp%2Fv2%2Fcomments&post=43160"}],"version-history":[{"count":1,"href":"https:\/\/radiocresatelital.com\/index.php?rest_route=\/wp\/v2\/posts\/43160\/revisions"}],"predecessor-version":[{"id":43162,"href":"https:\/\/radiocresatelital.com\/index.php?rest_route=\/wp\/v2\/posts\/43160\/revisions\/43162"}],"wp:featuredmedia":[{"embeddable":true,"href":"https:\/\/radiocresatelital.com\/index.php?rest_route=\/wp\/v2\/media\/43161"}],"wp:attachment":[{"href":"https:\/\/radiocresatelital.com\/index.php?rest_route=%2Fwp%2Fv2%2Fmedia&parent=43160"}],"wp:term":[{"taxonomy":"category","embeddable":true,"href":"https:\/\/radiocresatelital.com\/index.php?rest_route=%2Fwp%2Fv2%2Fcategories&post=43160"},{"taxonomy":"post_tag","embeddable":true,"href":"https:\/\/radiocresatelital.com\/index.php?rest_route=%2Fwp%2Fv2%2Ftags&post=43160"}],"curies":[{"name":"wp","href":"https:\/\/api.w.org\/{rel}","templated":true}]}}