{"id":43093,"date":"2025-12-02T20:43:03","date_gmt":"2025-12-02T20:43:03","guid":{"rendered":"https:\/\/radiocresatelital.com\/?p=43093"},"modified":"2025-12-02T20:43:03","modified_gmt":"2025-12-02T20:43:03","slug":"mandataria-mexicana-no-estara-en-la-inauguracion-del-mundial-2026","status":"publish","type":"post","link":"https:\/\/radiocresatelital.com\/?p=43093","title":{"rendered":"Mandataria Mexicana no estar\u00e1 en la inauguraci\u00f3n del Mundial 2026"},"content":{"rendered":"<p>M\u00e9xico DF.- Claudia Sheinbaum, actual mandataria Mexicana ha indicado que no estar\u00e1 presente en la inauguraci\u00f3n del Mundial 2026 previsto el 11 de junio del a\u00f1o pr\u00f3ximo en el Estadio Azteca, y que la entrada que le fue regalada la donar\u00e1 a una ni\u00f1a y conseguir\u00e1 otro m\u00e1s para una persona que la acompa\u00f1e.<\/p>\n<p>Durante su habitual conferencia matutina en Palacio Nacional, donde vive y despacha, la mandataria afirm\u00f3 que desconoce si asistir\u00e1n algunos jefes de Estado al acto de apertura del Mundial que M\u00e9xico organizar\u00e1 con Estados Unidos y Canad\u00e1.<\/p>\n<p>\u00abTodav\u00eda no sabemos si van a venir, qui\u00e9nes van a venir y ya tambi\u00e9n -pues- el trato que le dar\u00edamos por supuesto de Jefes de Estado, si es que van a visitar nuestros pa\u00edses, pero todav\u00eda es temprano para poder saber qu\u00e9 jefes de Estado vendr\u00edan y qu\u00e9 recepci\u00f3n les har\u00edamos\u00bb, se\u00f1al\u00f3 Sheinbaum.<\/p>\n<p>La presidenta de M\u00e9xico dio a conocer la semana pasada que seguir\u00e1 la inauguraci\u00f3n del Mundial 2026 desde el Z\u00f3calo, la principal plaza p\u00fablica del pa\u00eds, frente a la cual se ubica el Palacio Nacional, donde el gobierno instalar\u00e1 pantallas para que miles de personas pueda verlo de manera gratuita.<\/p>\n<p>Por ahora se desconoce si las otras dos sedes mexicanas del torneo, la occidental ciudad de Guadalajara y la norte\u00f1a de Monterrey, tambi\u00e9n contar\u00e1n con esas pantallas.<\/p>\n<p>La entrada n\u00famero 001 le fue regalada a Sheinbaum por el presidente de la FIFA, Gianni Infantino, el pasado 29 de agosto.<\/p>\n","protected":false},"excerpt":{"rendered":"<p>M\u00e9xico DF.- Claudia Sheinbaum, actual mandataria Mexicana ha indicado que no estar\u00e1 presente en la inauguraci\u00f3n del Mundial 2026 previsto el 11 de junio del a\u00f1o pr\u00f3ximo en el Estadio Azteca, y que la entrada que le fue regalada la donar\u00e1 a una ni\u00f1a y conseguir\u00e1 otro m\u00e1s para una persona que la acompa\u00f1e. Durante [&hellip;]<\/p>\n","protected":false},"author":2,"featured_media":43094,"comment_status":"open","ping_status":"closed","sticky":false,"template":"","format":"standard","meta":{"_jetpack_memberships_contains_paid_content":false,"footnotes":""},"categories":[955],"tags":[6595,3397,3746],"class_list":["post-43093","post","type-post","status-publish","format-standard","has-post-thumbnail","hentry","category-mundial-de-futbol","tag-claudia-sheinbaum","tag-mundial-2026","tag-presidenta-de-mexico"],"jetpack_featured_media_url":"https:\/\/radiocresatelital.com\/wp-content\/uploads\/2025\/12\/FOTO-PORTADA-MEXICO-SHEINBAUM.jpg","jetpack_sharing_enabled":true,"_links":{"self":[{"href":"https:\/\/radiocresatelital.com\/index.php?rest_route=\/wp\/v2\/posts\/43093","targetHints":{"allow":["GET"]}}],"collection":[{"href":"https:\/\/radiocresatelital.com\/index.php?rest_route=\/wp\/v2\/posts"}],"about":[{"href":"https:\/\/radiocresatelital.com\/index.php?rest_route=\/wp\/v2\/types\/post"}],"author":[{"embeddable":true,"href":"https:\/\/radiocresatelital.com\/index.php?rest_route=\/wp\/v2\/users\/2"}],"replies":[{"embeddable":true,"href":"https:\/\/radiocresatelital.com\/index.php?rest_route=%2Fwp%2Fv2%2Fcomments&post=43093"}],"version-history":[{"count":1,"href":"https:\/\/radiocresatelital.com\/index.php?rest_route=\/wp\/v2\/posts\/43093\/revisions"}],"predecessor-version":[{"id":43095,"href":"https:\/\/radiocresatelital.com\/index.php?rest_route=\/wp\/v2\/posts\/43093\/revisions\/43095"}],"wp:featuredmedia":[{"embeddable":true,"href":"https:\/\/radiocresatelital.com\/index.php?rest_route=\/wp\/v2\/media\/43094"}],"wp:attachment":[{"href":"https:\/\/radiocresatelital.com\/index.php?rest_route=%2Fwp%2Fv2%2Fmedia&parent=43093"}],"wp:term":[{"taxonomy":"category","embeddable":true,"href":"https:\/\/radiocresatelital.com\/index.php?rest_route=%2Fwp%2Fv2%2Fcategories&post=43093"},{"taxonomy":"post_tag","embeddable":true,"href":"https:\/\/radiocresatelital.com\/index.php?rest_route=%2Fwp%2Fv2%2Ftags&post=43093"}],"curies":[{"name":"wp","href":"https:\/\/api.w.org\/{rel}","templated":true}]}}