{"id":43020,"date":"2025-12-01T20:54:44","date_gmt":"2025-12-01T20:54:44","guid":{"rendered":"https:\/\/radiocresatelital.com\/?p=43020"},"modified":"2025-12-01T20:54:44","modified_gmt":"2025-12-01T20:54:44","slug":"se-realizo-la-presentacion-oficial-de-la-edicion-109-del-giro-de-italia-2026","status":"publish","type":"post","link":"https:\/\/radiocresatelital.com\/?p=43020","title":{"rendered":"Se realiz\u00f3 la presentaci\u00f3n oficial de la edici\u00f3n 109 del Giro de Italia 2026"},"content":{"rendered":"<p>Roma.- Antonio Tajani ha hecho la presentaci\u00f3n oficial de la edici\u00f3n 109 del Giro de Italia, la misma que dar\u00e1 inicio el 8 de mayo de 2026 en Bulgaria y concluir\u00e1 23 d\u00edas despu\u00e9s en Roma, donde previsto el final del recorrido de 3.459 kil\u00f3metros.<\/p>\n<p>\u00abEl anuncio del recorrido del Giro de Italia se espera con gran entusiasmo en Italia y en todo el mundo.\u00a0Me complace celebrar este momento con ustedes\u00bb, declar\u00f3 Tajani en un videomensaje emitido durante la presentaci\u00f3n del Giro de Italia 2026, en el que el brit\u00e1nico Simon Yates buscar\u00e1 revalidar su t\u00edtulo de este a\u00f1o.<\/p>\n<p>\u00abEl Giro de Italia cuenta la historia de nuestros territorios y es una ventana a nuestro pa\u00eds. Por eso he nombrado al Giro de Italia embajador de Italia en el extranjero\u00bb, destac\u00f3 el canciller durante la ceremonia celebrada en Roma.<\/p>\n<p>\u00abPor lo tanto, saludo al primer ministro b\u00falgaro, que se encuentra aqu\u00ed, porque el paso de este a\u00f1o por Bulgaria tambi\u00e9n representa un catalizador para el di\u00e1logo entre pa\u00edses, en este caso los Balcanes\u00bb, complet\u00f3 Tajani en alusi\u00f3n a Rossen Jeliazkov, quien horas antes hab\u00eda visitado a la premier italiana, Giorgia Meloni.<\/p>\n<p>La premier italiana recibi\u00f3 a Jeliazkov en el Palacio Chigi para llevar adelante una reuni\u00f3n que \u00abpermiti\u00f3 definir los pr\u00f3ximos pasos para fortalecer la colaboraci\u00f3n entre Roma y Sof\u00eda en \u00e1reas de inter\u00e9s com\u00fan, comenzando con la firma, para el primer semestre de 2026, del Plan de Acci\u00f3n Italia-Bulgaria 2026-2030\u00bb, se lee en un comunicado oficial.<\/p>\n<p>\u00abEste fortalecimiento tambi\u00e9n incluye iniciativas deportivas, como la programaci\u00f3n de la &#8216;Grande Partenza&#8217; del Giro de Italia 2026 en Bulgaria\u00bb, destaca el texto emitido por la sede presidencial.<\/p>\n<p>\u00abTambi\u00e9n se logr\u00f3 una amplia convergencia en cuestiones internacionales clave, empezando por Ucrania, y en cuestiones europeas, como el equilibrio entre la transici\u00f3n ecol\u00f3gica y la competitividad, soluciones innovadoras para la inmigraci\u00f3n irregular y el proceso de ampliaci\u00f3n de la UE\u00bb, completa la nota.<\/p>\n<p>\u00abQuiero agradecerles a todos su confianza. No fue f\u00e1cil, pero creo que han elegido uno de los pa\u00edses m\u00e1s hermosos. Descubrir\u00e1n la gran belleza de nuestra tierra y ser\u00e1 un gran honor para nosotros\u00bb, expres\u00f3 el ministro b\u00falgaro de Turismo, Miroslav Borshosh.<\/p>\n<p>\u00abEstoy convencido de que las tres etapas con salida en nuestro pa\u00eds son perfectas para descubrir nuestro esp\u00edritu y nuestras tradiciones. El Giro de Italia es tradici\u00f3n, es un s\u00edmbolo cultural\u00bb, a\u00f1adi\u00f3 a su vez el ministro b\u00falgaro de Deportes y Pol\u00edticas Juveniles, Ivan Peshev, tambi\u00e9n presente en la ceremonia.<\/p>\n<p>El inicio del Giro de Italia en Bulgaria (que albergar\u00e1 las primeras tres etapas de la cita) marcar\u00e1 la decimosexta vez que la tradicional carrera de ciclismo comenzar\u00e1 en el extranjero.<\/p>\n<p>La ceremonia de presentaci\u00f3n record\u00f3 con un aplauso generalizado a Nicola Pietrangeli, ex tenista y capit\u00e1n del equipo \u00abazzurro\u00bb que gan\u00f3 el primer t\u00edtulo de la Copa Davis para el pa\u00eds en la edici\u00f3n de 1976 celebrada en Chile.<\/p>\n<p>El recorrido fue revelado en el Auditorio Parco della Musica, donde se inform\u00f3 que habr\u00e1 un total de 21 etapas, ocho llanas, siete de media monta\u00f1a y cinco de alta monta\u00f1a adem\u00e1s de una contrarreloj individual de 40,2 kil\u00f3metros.<\/p>\n<p>La edici\u00f3n n\u00famero 109 del Giro de Italia tambi\u00e9n ofrecer\u00e1 siete finales en ascenso y el regreso a Mil\u00e1n, que volver\u00e1 a albergar una etapa de la carrera por nonag\u00e9sima vez.<\/p>\n<p>Adem\u00e1s, la Cima Coppi del Giro ser\u00e1 el Passo Giau, de 2.233 metros, mientras que tambi\u00e9n est\u00e1 prevista una etapa \u00edntegramente en suelo suizo, de Bellinzona a Car\u00ed.<\/p>\n<p>Tambi\u00e9n se inform\u00f3 que la \u00abMonta\u00f1a Pantani\u00bb se program\u00f3 en Piani di Pezz\u00e9, y el Giro de Italia tambi\u00e9n conmemorar\u00e1 el desastroso terremoto de hace 50 a\u00f1os con la etapa desde Gemona del Friuli.<\/p>\n<p>\u00abSiempre lo consider\u00e9 un patrimonio nacional. Renueva una tradici\u00f3n llena de sentimiento popular y promoci\u00f3n de la regi\u00f3n\u00bb, destac\u00f3 en tanto el ministro de Deporte y Juventud de Italia, Andrea Abodi, durante la presentaci\u00f3n de la nueva edici\u00f3n de la carrera.<\/p>\n<p>\u00abEl Giro de Italia propici\u00f3 muchas haza\u00f1as hist\u00f3ricas, y ahora esperamos que surjan j\u00f3venes italianos, pero mientras tanto, disfrutemos de la carrera\u00bb, a\u00f1adi\u00f3 Abodi.<\/p>\n<p>\u00abHoy es muy importante celebrar el presente y el futuro de una carrera abierta a pa\u00edses internacionales: el a\u00f1o pasado Albania y este a\u00f1o Bulgaria. Nos permite forjar relaciones de colaboraci\u00f3n con otros pa\u00edses que van mucho m\u00e1s all\u00e1 del \u00e1mbito deportivo\u00bb, complet\u00f3 Abodi.<\/p>\n<p>\u00abItalia es el segundo pa\u00eds del mundo en organizar grandes eventos. S\u00f3lo Estados Unidos nos supera, pero estamos en camino y lo haremos mejor que ellos porque combinamos territorio, pasi\u00f3n y experiencia. En resumen, el estilo italiano\u00bb, ponder\u00f3 luego el presidente del Comit\u00e9 Ol\u00edmpico Italiano (CONI), Luciano Buonfiglio.<\/p>\n<p>\u00abEl ciclismo es parte de la historia de Italia, y el CONI se enorgullece de estar aqu\u00ed. Tambi\u00e9n quiero destacar la importancia del movimiento femenino en la Corsa Rosa. Es un evento que demostr\u00f3 la gran cultura que se desarroll\u00f3 en favor de las mujeres en Italia\u00bb, resalt\u00f3 Buonfiglio.<\/p>\n<p>\u00abEs un escaparate, much\u00edsima gente viene a Italia para el Giro. El impacto econ\u00f3mico de la \u00faltima edici\u00f3n en la regi\u00f3n, entre el evento y los 18 meses siguientes, fue de 2.100 millones de euros, por lo que este importante escaparate para Italia genera exportaciones y un impacto econ\u00f3mico positivo, empezando por el turismo\u00bb, remarc\u00f3 tambi\u00e9n Urbano Cairo, presidente de RCS, la empresa a cargo de la organizaci\u00f3n de la carrera y su versi\u00f3n femenina.<\/p>\n<p>\u00abTodo el mundo ve el Giro de Italia, es un espect\u00e1culo que transmite emociones. El ciclismo italiano va bien y hay muchos j\u00f3venes que nos dan esperanza. Estamos en lo m\u00e1s alto de la tabla j\u00fanior y estaremos presentes en el Giro de Italia del futuro\u00bb, destac\u00f3 luego el presidente de la Federaci\u00f3n Italiana de Ciclismo, Cordiano Dagnoni.<\/p>\n<p>La ceremonia permiti\u00f3 adem\u00e1s la presentaci\u00f3n de la pr\u00f3xima edici\u00f3n del Giro de Italia femenino, en el que Elisa Longo Bordini buscar\u00e1 repetir su t\u00edtulo de 2025 en una cita que comenzar\u00e1 el 30 de mayo en Cesenatico y concluir\u00e1 en Saluzzo el 7 de junio del a\u00f1o pr\u00f3ximo tras recorrer 1.153,7 kil\u00f3metros.<\/p>\n","protected":false},"excerpt":{"rendered":"<p>Roma.- Antonio Tajani ha hecho la presentaci\u00f3n oficial de la edici\u00f3n 109 del Giro de Italia, la misma que dar\u00e1 inicio el 8 de mayo de 2026 en Bulgaria y concluir\u00e1 23 d\u00edas despu\u00e9s en Roma, donde previsto el final del recorrido de 3.459 kil\u00f3metros. \u00abEl anuncio del recorrido del Giro de Italia se espera [&hellip;]<\/p>\n","protected":false},"author":2,"featured_media":43021,"comment_status":"open","ping_status":"closed","sticky":false,"template":"","format":"standard","meta":{"_jetpack_memberships_contains_paid_content":false,"footnotes":""},"categories":[120,9],"tags":[6901],"class_list":["post-43020","post","type-post","status-publish","format-standard","has-post-thumbnail","hentry","category-ciclismo","category-deportes","tag-giro-de-italia-2026"],"jetpack_featured_media_url":"https:\/\/radiocresatelital.com\/wp-content\/uploads\/2025\/12\/giro-italia-2026.webp","jetpack_sharing_enabled":true,"_links":{"self":[{"href":"https:\/\/radiocresatelital.com\/index.php?rest_route=\/wp\/v2\/posts\/43020","targetHints":{"allow":["GET"]}}],"collection":[{"href":"https:\/\/radiocresatelital.com\/index.php?rest_route=\/wp\/v2\/posts"}],"about":[{"href":"https:\/\/radiocresatelital.com\/index.php?rest_route=\/wp\/v2\/types\/post"}],"author":[{"embeddable":true,"href":"https:\/\/radiocresatelital.com\/index.php?rest_route=\/wp\/v2\/users\/2"}],"replies":[{"embeddable":true,"href":"https:\/\/radiocresatelital.com\/index.php?rest_route=%2Fwp%2Fv2%2Fcomments&post=43020"}],"version-history":[{"count":1,"href":"https:\/\/radiocresatelital.com\/index.php?rest_route=\/wp\/v2\/posts\/43020\/revisions"}],"predecessor-version":[{"id":43022,"href":"https:\/\/radiocresatelital.com\/index.php?rest_route=\/wp\/v2\/posts\/43020\/revisions\/43022"}],"wp:featuredmedia":[{"embeddable":true,"href":"https:\/\/radiocresatelital.com\/index.php?rest_route=\/wp\/v2\/media\/43021"}],"wp:attachment":[{"href":"https:\/\/radiocresatelital.com\/index.php?rest_route=%2Fwp%2Fv2%2Fmedia&parent=43020"}],"wp:term":[{"taxonomy":"category","embeddable":true,"href":"https:\/\/radiocresatelital.com\/index.php?rest_route=%2Fwp%2Fv2%2Fcategories&post=43020"},{"taxonomy":"post_tag","embeddable":true,"href":"https:\/\/radiocresatelital.com\/index.php?rest_route=%2Fwp%2Fv2%2Ftags&post=43020"}],"curies":[{"name":"wp","href":"https:\/\/api.w.org\/{rel}","templated":true}]}}