{"id":42684,"date":"2025-11-26T18:14:26","date_gmt":"2025-11-26T18:14:26","guid":{"rendered":"https:\/\/radiocresatelital.com\/?p=42684"},"modified":"2025-11-26T21:16:23","modified_gmt":"2025-11-26T21:16:23","slug":"proyeccion-futura-se-suma-al-programa-ecuador-carbono-cero-del-ministerio-del-ambiente-y-obtiene-el-certificado-huella-de-carbono","status":"publish","type":"post","link":"https:\/\/radiocresatelital.com\/?p=42684","title":{"rendered":"Proyecci\u00f3n Futura se suma al Programa Ecuador Carbono Cero del Ministerio del Ambiente y obtiene el certificado Huella de Carbono"},"content":{"rendered":"<p>Quito- Como parte de su compromiso ambiental, Proyecci\u00f3n Futura, empresa enfocada en la creaci\u00f3n e implementaci\u00f3n de programas de sostenibilidad basados en la Responsabilidad Extendida del Productor (REP), recibi\u00f3 la Certificaci\u00f3n de la verificaci\u00f3n de su Huella de Carbono. Durante tres meses, la empresa realiz\u00f3 el proceso de cuantificaci\u00f3n de sus emisiones de Gases de Efecto Invernadero (GEI) producto de sus operaciones en Ecuador, el cual culmin\u00f3 con la auditor\u00eda seg\u00fan el nivel de mayor rigurosidad del est\u00e1ndar internacional ISO 14064-1:2018 por parte de SGS.<\/p>\n<p>La obtenci\u00f3n de esta certificaci\u00f3n se da en el marco del Programa Ecuador Carbono Cero (PECC), del Ministerio de Ambiente y Energ\u00eda, al cual est\u00e1 adherido Proyecci\u00f3n Futura. Este programa busca mitigar las emisiones de GEI como pa\u00eds con el apoyo del sector privado.<\/p>\n<p>\u201cAl igual que varias empresas ecuatorianas, nosotros tambi\u00e9n hemos dado un paso muy importante como es el medir la huella de carbono de nuestro negocio con lo que nos certificaremos en el nivel de cuantificaci\u00f3n del PECC y avanzamos para en el 2026 ejecutar un plan de disminuci\u00f3n de la actual huella de carbono y su compensaci\u00f3n. Esta decisi\u00f3n tiene un efecto positivo en nuestros colaboradores, nuestros clientes y en el entorno siendo actores claves para tener ecosistemas cuidados\u201d, coment\u00f3 Pablo Mac\u00edas, Gerente General de Proyecci\u00f3n Futura.<\/p>\n<p>\u201cLa tendencia en el mundo es sumamente clara y no hay otra opci\u00f3n. Se requiere reducir dr\u00e1sticamente las emisiones de gases efecto invernadero que generan el cambio clim\u00e1tico.<\/p>\n<p>Gobiernos de todo el mundo est\u00e1n en este proceso de transici\u00f3n hacia un mundo bajo en carbono y compatible con el clima. En paralelo, los actores m\u00e1s relevantes del sector privado saben que este camino es el \u00fanico y que deben estar alineado con la transformaci\u00f3n global. Felicitamos a Proyecci\u00f3n Futura por la fuerza que imprimen en sus iniciativas de sostenibilidad, en particular la medici\u00f3n y verificaci\u00f3n de la Huella de Carbono. Esto es solo un elemento en el largo camino de incluir la sostenibilidad en el n\u00facleo del negocio.<\/p>\n<p>Esperamos, con mucha emoci\u00f3n, seguir viendo transitar a Proyecci\u00f3n Futura con nuevas iniciativas. Desde SGS acompa\u00f1amos a las organizaciones en este complejo viaje de retar el status quo y migrar a un mundo m\u00e1s sostenible, para nosotros y para los que venga\u201d se\u00f1al\u00f3 Javier Perla, Gerente de Servicios de Sostenibilidad de SGS Per\u00fa y Ecuador.<\/p>\n<p>Proyecci\u00f3n Futura es una empresa ecuatoriana con cerca de 20 a\u00f1os en el pa\u00eds que cuenta con operaciones en Colombia y Panam\u00e1. Actualmente administra cuatro sistemas de gesti\u00f3n ambiental: Grin, para llantas; Reinicia para residuos el\u00e9ctricos, electr\u00f3nicos y luminarias; Sepilas, para pilas y, Recofarma para medicamentos caducados.<\/p>\n","protected":false},"excerpt":{"rendered":"<p>Quito- Como parte de su compromiso ambiental, Proyecci\u00f3n Futura, empresa enfocada en la creaci\u00f3n e implementaci\u00f3n de programas de sostenibilidad basados en la Responsabilidad Extendida del Productor (REP), recibi\u00f3 la Certificaci\u00f3n de la verificaci\u00f3n de su Huella de Carbono. Durante tres meses, la empresa realiz\u00f3 el proceso de cuantificaci\u00f3n de sus emisiones de Gases de [&hellip;]<\/p>\n","protected":false},"author":2,"featured_media":42685,"comment_status":"open","ping_status":"closed","sticky":false,"template":"","format":"standard","meta":{"_jetpack_memberships_contains_paid_content":false,"footnotes":""},"categories":[13],"tags":[6828,6827],"class_list":["post-42684","post","type-post","status-publish","format-standard","has-post-thumbnail","hentry","category-noticias-nacionales","tag-certificacion-de-la-verificacion-de-su-huella-de-carbono","tag-proyeccion-futura"],"jetpack_featured_media_url":"https:\/\/radiocresatelital.com\/wp-content\/uploads\/2025\/11\/f52746592.jpg","jetpack_sharing_enabled":true,"_links":{"self":[{"href":"https:\/\/radiocresatelital.com\/index.php?rest_route=\/wp\/v2\/posts\/42684","targetHints":{"allow":["GET"]}}],"collection":[{"href":"https:\/\/radiocresatelital.com\/index.php?rest_route=\/wp\/v2\/posts"}],"about":[{"href":"https:\/\/radiocresatelital.com\/index.php?rest_route=\/wp\/v2\/types\/post"}],"author":[{"embeddable":true,"href":"https:\/\/radiocresatelital.com\/index.php?rest_route=\/wp\/v2\/users\/2"}],"replies":[{"embeddable":true,"href":"https:\/\/radiocresatelital.com\/index.php?rest_route=%2Fwp%2Fv2%2Fcomments&post=42684"}],"version-history":[{"count":1,"href":"https:\/\/radiocresatelital.com\/index.php?rest_route=\/wp\/v2\/posts\/42684\/revisions"}],"predecessor-version":[{"id":42686,"href":"https:\/\/radiocresatelital.com\/index.php?rest_route=\/wp\/v2\/posts\/42684\/revisions\/42686"}],"wp:featuredmedia":[{"embeddable":true,"href":"https:\/\/radiocresatelital.com\/index.php?rest_route=\/wp\/v2\/media\/42685"}],"wp:attachment":[{"href":"https:\/\/radiocresatelital.com\/index.php?rest_route=%2Fwp%2Fv2%2Fmedia&parent=42684"}],"wp:term":[{"taxonomy":"category","embeddable":true,"href":"https:\/\/radiocresatelital.com\/index.php?rest_route=%2Fwp%2Fv2%2Fcategories&post=42684"},{"taxonomy":"post_tag","embeddable":true,"href":"https:\/\/radiocresatelital.com\/index.php?rest_route=%2Fwp%2Fv2%2Ftags&post=42684"}],"curies":[{"name":"wp","href":"https:\/\/api.w.org\/{rel}","templated":true}]}}