{"id":42644,"date":"2025-11-26T19:18:41","date_gmt":"2025-11-26T19:18:41","guid":{"rendered":"https:\/\/radiocresatelital.com\/?p=42644"},"modified":"2025-11-26T19:18:41","modified_gmt":"2025-11-26T19:18:41","slug":"bajo-el-liderazgo-del-presidente-daniel-noboa-ecuador-fortalece-su-alianza-estrategica-con-italia-para-combatir-el-crimen-y-la-corrupcion","status":"publish","type":"post","link":"https:\/\/radiocresatelital.com\/?p=42644","title":{"rendered":"Bajo el liderazgo del Presidente Daniel Noboa, Ecuador fortalece su alianza estrat\u00e9gica con Italia para combatir el crimen y la corrupci\u00f3n"},"content":{"rendered":"<p>Quito.- El Presidente de la Rep\u00fablica, Daniel Noboa Azin, recibi\u00f3 en el Palacio de Carondelet a Giovanni Melillo, procurador nacional Antimafia y Antiterrorismo de Italia. Durante este encuentro, las autoridades y sus comitivas dialogaron sobre la cooperaci\u00f3n t\u00e9cnica de Italia para fortalecer la capacidad investigativa y judicial de Ecuador en la lucha contra el narcoterrorismo y el crimen organizado transnacional.<\/p>\n<p>La ministra de Relaciones Exteriores y Movilidad Humana, Gabriela Sommerfeld, destac\u00f3 que esta visita ratifica la hermandad y la cooperaci\u00f3n en materia de seguridad y en la lucha contra el crimen organizado transnacional.<\/p>\n<p>Adem\u00e1s, indic\u00f3 que \u00abItalia ha demostrado ser un socio incondicional de Ecuador, brindando cooperaci\u00f3n en equipamiento y apoyo para que las instituciones superen la corrupci\u00f3n enquistada\u201d.<\/p>\n<p>La comitiva italiana estuvo conformada por el embajador de Italia en Ecuador, Giovanni Davoli; la fiscal adjunta de la Direcci\u00f3n Nacional Antimafia y Antiterrorismo, B\u00e1rbara Sargenti, y el director del programa italo-ecuatoriano para el fortalecimiento institucional del sistema de seguridad y justicia del Ecuador (ITAJUS), Paolo Di Sciuva.<\/p>\n<p>El Jefe de Estado manifest\u00f3 que Ecuador e Italia, naciones que celebran 125 a\u00f1os de relaciones diplom\u00e1ticas, han construido una base s\u00f3lida de cooperaci\u00f3n, solidaridad y valores compartidos en los \u00e1mbitos pol\u00edtico, econ\u00f3mico, comercial y cultural. Por consiguiente, afirm\u00f3 que ese pa\u00eds \u201ces un socio estrat\u00e9gico y aliado fundamental en la Uni\u00f3n Europea, brindando un apoyo continuo en temas esenciales como seguridad, justicia y desarrollo institucional\u201d.<\/p>\n<p>Precisamente, bajo esta perspectiva, el presidente Noboa reconoci\u00f3 la labor del embajador Giovanni Davoli, mediante la entrega de la condecoraci\u00f3n \u201cHonorato V\u00e1squez\u201d en el Grado de Gran Cruz, por su contribuci\u00f3n en el fortalecimiento de la seguridad, sobre todo en los programas de formaci\u00f3n especializada en los tribunales de justicia del Ecuador, coadyuvando a la modernizaci\u00f3n institucional con miras de erradicar la criminalidad y corrupci\u00f3n. \u201cEse nivel de acci\u00f3n y convicci\u00f3n demuestra que este pa\u00eds s\u00ed lucha contra la mafia, miseria, opresi\u00f3n y violencia que tanto nos afectan como sociedad\u201d, asegur\u00f3 el Presidente. Esta insignia se otorga a quienes brindan servicios exteriores acreditados en Ecuador que contribuyan a los derechos e intereses nacionales.<\/p>\n<p>\u201cDedico este reconocimiento a las v\u00edctimas de la mafia en Ecuador y en Italia; funcionarios y ciudadanos cuya \u00fanica culpa fue que, cumpliendo con su deber, se cruzaron con la furia de este enemigo com\u00fan\u201d, puntualiz\u00f3 el Embajador.<\/p>\n<p>Asimismo, esta ma\u00f1ana, el Mandatario realz\u00f3 el trabajo de Paolo Di Sciuva, quien a trav\u00e9s de la iniciativa (ITAJUS), capacit\u00f3 a m\u00e1s de 1.400 gu\u00edas penitenciarios y colabor\u00f3 en la crisis carcelaria enfrentando amenazas de grupos delictivos. \u201cSu compromiso, valent\u00eda y experiencia en el \u00e1mbito antimafia ha permitido construir soluciones eficaces\u201d, sostuvo el Mandatario. Su trayectoria y participaci\u00f3n en investigaciones complejas sobre asesinatos, delitos contra la administraci\u00f3n p\u00fablica, delincuencia organizada mafiosa y no mafiosa, el combate contra los carteles del narcotr\u00e1fico a nivel nacional e internacional, lo hicieron merecedor de la condecoraci\u00f3n de la Orden Nacional \u201cAl M\u00e9rito\u201d en el Grado de Comendador.<\/p>\n","protected":false},"excerpt":{"rendered":"<p>Quito.- El Presidente de la Rep\u00fablica, Daniel Noboa Azin, recibi\u00f3 en el Palacio de Carondelet a Giovanni Melillo, procurador nacional Antimafia y Antiterrorismo de Italia. Durante este encuentro, las autoridades y sus comitivas dialogaron sobre la cooperaci\u00f3n t\u00e9cnica de Italia para fortalecer la capacidad investigativa y judicial de Ecuador en la lucha contra el narcoterrorismo [&hellip;]<\/p>\n","protected":false},"author":2,"featured_media":42645,"comment_status":"open","ping_status":"closed","sticky":false,"template":"","format":"standard","meta":{"_jetpack_memberships_contains_paid_content":false,"footnotes":""},"categories":[13],"tags":[1322],"class_list":["post-42644","post","type-post","status-publish","format-standard","has-post-thumbnail","hentry","category-noticias-nacionales","tag-presidente-daniel-noboa"],"jetpack_featured_media_url":"https:\/\/radiocresatelital.com\/wp-content\/uploads\/2025\/11\/Italia-y-Ecuador-estrechan-lazos-en-la-lucha-contra-el-crimen-organizado-y-el-narcotrafico.webp","jetpack_sharing_enabled":true,"_links":{"self":[{"href":"https:\/\/radiocresatelital.com\/index.php?rest_route=\/wp\/v2\/posts\/42644","targetHints":{"allow":["GET"]}}],"collection":[{"href":"https:\/\/radiocresatelital.com\/index.php?rest_route=\/wp\/v2\/posts"}],"about":[{"href":"https:\/\/radiocresatelital.com\/index.php?rest_route=\/wp\/v2\/types\/post"}],"author":[{"embeddable":true,"href":"https:\/\/radiocresatelital.com\/index.php?rest_route=\/wp\/v2\/users\/2"}],"replies":[{"embeddable":true,"href":"https:\/\/radiocresatelital.com\/index.php?rest_route=%2Fwp%2Fv2%2Fcomments&post=42644"}],"version-history":[{"count":1,"href":"https:\/\/radiocresatelital.com\/index.php?rest_route=\/wp\/v2\/posts\/42644\/revisions"}],"predecessor-version":[{"id":42646,"href":"https:\/\/radiocresatelital.com\/index.php?rest_route=\/wp\/v2\/posts\/42644\/revisions\/42646"}],"wp:featuredmedia":[{"embeddable":true,"href":"https:\/\/radiocresatelital.com\/index.php?rest_route=\/wp\/v2\/media\/42645"}],"wp:attachment":[{"href":"https:\/\/radiocresatelital.com\/index.php?rest_route=%2Fwp%2Fv2%2Fmedia&parent=42644"}],"wp:term":[{"taxonomy":"category","embeddable":true,"href":"https:\/\/radiocresatelital.com\/index.php?rest_route=%2Fwp%2Fv2%2Fcategories&post=42644"},{"taxonomy":"post_tag","embeddable":true,"href":"https:\/\/radiocresatelital.com\/index.php?rest_route=%2Fwp%2Fv2%2Ftags&post=42644"}],"curies":[{"name":"wp","href":"https:\/\/api.w.org\/{rel}","templated":true}]}}