{"id":42611,"date":"2025-11-26T01:14:27","date_gmt":"2025-11-26T01:14:27","guid":{"rendered":"https:\/\/radiocresatelital.com\/?p=42611"},"modified":"2025-11-26T01:17:54","modified_gmt":"2025-11-26T01:17:54","slug":"guayaquil-inaugura-la-percha-somos-marka-en-la-via-a-la-costa-para-impulsar-a-emprendedores-locales","status":"publish","type":"post","link":"https:\/\/radiocresatelital.com\/?p=42611","title":{"rendered":"\u201c\u2018Somos Marka\u2019 abre sus puertas en la v\u00eda a la Costa para impulsar productos ecuatorianos\u201d"},"content":{"rendered":"<p data-start=\"200\" data-end=\"450\">Guayaquil.- En la v\u00eda a la Costa, se inaugur\u00f3 oficialmente la percha \u201cSomos Marka\u201d, un espacio dentro de una estaci\u00f3n de servicio Primax que busca visibilizar, fortalecer y comercializar productos elaborados por emprendedores ecuatorianos.<\/p>\n<p data-start=\"452\" data-end=\"757\">La iniciativa forma parte de un proyecto conjunto entre el Instituto Nacional de Econom\u00eda Popular y Solidaria (IEPS) y la empresa privada, con el objetivo de abrir nuevos canales de venta para los productores locales, especialmente aquellos que pertenecen al sector de la econom\u00eda popular y solidaria.<\/p>\n<p data-start=\"759\" data-end=\"1116\">El evento cont\u00f3 con la presencia del Gobernador del Guayas y la Directora del IEPS, quienes realizaron el corte de cinta y dieron la bienvenida a los primeros compradores. Durante el recorrido, destacaron la importancia de generar espacios que impulsen el talento y el trabajo de cientos de familias ecuatorianas que dependen de sus emprendimientos.<\/p>\n<p data-start=\"1118\" data-end=\"1444\">En la percha \u201cSomos Marka\u201d se exhiben productos del Guayas, entre ellos chimichurris, aj\u00edes, chocolates artesanales, miel, vinos y otras elaboraciones nacionales que reflejan la diversidad gastron\u00f3mica del pa\u00eds. Los emprendedores seleccionados cumplen procesos formales de producci\u00f3n y garantizan calidad en cada producto.<\/p>\n<p data-start=\"1446\" data-end=\"1682\">Las autoridades recalcaron que esta propuesta no solo impulsa la econom\u00eda local, sino que tambi\u00e9n ayuda a consolidar la identidad ecuatoriana a trav\u00e9s de la gastronom\u00eda, fomentando el consumo responsable y el apoyo directo al productor.<\/p>\n<p data-start=\"1684\" data-end=\"1838\">\u201cEsta percha representa una oportunidad para que los emprendedores crezcan, se posicionen y accedan a nuevos mercados\u201d, se\u00f1alaron durante la inauguraci\u00f3n.<\/p>\n<p data-start=\"1840\" data-end=\"2008\">Con este tipo de iniciativas, Guayaquil contin\u00faa promoviendo espacios de desarrollo econ\u00f3mico y cultural que fortalecen el trabajo comunitario y la producci\u00f3n nacional.<\/p>\n<div style=\"width: 640px;\" class=\"wp-video\"><video class=\"wp-video-shortcode\" id=\"video-42611-1\" width=\"640\" height=\"452\" preload=\"metadata\" controls=\"controls\"><source type=\"video\/mp4\" src=\"https:\/\/radiocresatelital.com\/wp-content\/uploads\/2025\/11\/Copia-de-PLANTILLA-VIDEOS-3.mp4?_=1\" \/><a href=\"https:\/\/radiocresatelital.com\/wp-content\/uploads\/2025\/11\/Copia-de-PLANTILLA-VIDEOS-3.mp4\">https:\/\/radiocresatelital.com\/wp-content\/uploads\/2025\/11\/Copia-de-PLANTILLA-VIDEOS-3.mp4<\/a><\/video><\/div>\n","protected":false},"excerpt":{"rendered":"<p>Guayaquil.- En la v\u00eda a la Costa, se inaugur\u00f3 oficialmente la percha \u201cSomos Marka\u201d, un espacio dentro de una estaci\u00f3n de servicio Primax que busca visibilizar, fortalecer y comercializar productos elaborados por emprendedores ecuatorianos. La iniciativa forma parte de un proyecto conjunto entre el Instituto Nacional de Econom\u00eda Popular y Solidaria (IEPS) y la empresa [&hellip;]<\/p>\n","protected":false},"author":17,"featured_media":42612,"comment_status":"open","ping_status":"closed","sticky":false,"template":"","format":"standard","meta":{"_jetpack_memberships_contains_paid_content":false,"footnotes":""},"categories":[33,13],"tags":[6817],"class_list":["post-42611","post","type-post","status-publish","format-standard","has-post-thumbnail","hentry","category-guayaquil","category-noticias-nacionales","tag-somosmarka-guayaquil-viaalacosta-emprendedoresecuatorianos-economiapopularysolidaria-ieps-productoslocales-hechoenecuador-impulsoeconomico-apoyoalemprendedor-noticiasecuador"],"jetpack_featured_media_url":"https:\/\/radiocresatelital.com\/wp-content\/uploads\/2025\/11\/Gy5Cpa8WwAE2tyI-1-26.jpeg","jetpack_sharing_enabled":true,"_links":{"self":[{"href":"https:\/\/radiocresatelital.com\/index.php?rest_route=\/wp\/v2\/posts\/42611","targetHints":{"allow":["GET"]}}],"collection":[{"href":"https:\/\/radiocresatelital.com\/index.php?rest_route=\/wp\/v2\/posts"}],"about":[{"href":"https:\/\/radiocresatelital.com\/index.php?rest_route=\/wp\/v2\/types\/post"}],"author":[{"embeddable":true,"href":"https:\/\/radiocresatelital.com\/index.php?rest_route=\/wp\/v2\/users\/17"}],"replies":[{"embeddable":true,"href":"https:\/\/radiocresatelital.com\/index.php?rest_route=%2Fwp%2Fv2%2Fcomments&post=42611"}],"version-history":[{"count":3,"href":"https:\/\/radiocresatelital.com\/index.php?rest_route=\/wp\/v2\/posts\/42611\/revisions"}],"predecessor-version":[{"id":42616,"href":"https:\/\/radiocresatelital.com\/index.php?rest_route=\/wp\/v2\/posts\/42611\/revisions\/42616"}],"wp:featuredmedia":[{"embeddable":true,"href":"https:\/\/radiocresatelital.com\/index.php?rest_route=\/wp\/v2\/media\/42612"}],"wp:attachment":[{"href":"https:\/\/radiocresatelital.com\/index.php?rest_route=%2Fwp%2Fv2%2Fmedia&parent=42611"}],"wp:term":[{"taxonomy":"category","embeddable":true,"href":"https:\/\/radiocresatelital.com\/index.php?rest_route=%2Fwp%2Fv2%2Fcategories&post=42611"},{"taxonomy":"post_tag","embeddable":true,"href":"https:\/\/radiocresatelital.com\/index.php?rest_route=%2Fwp%2Fv2%2Ftags&post=42611"}],"curies":[{"name":"wp","href":"https:\/\/api.w.org\/{rel}","templated":true}]}}