{"id":42606,"date":"2025-11-25T23:06:51","date_gmt":"2025-11-25T23:06:51","guid":{"rendered":"https:\/\/radiocresatelital.com\/?p=42606"},"modified":"2025-11-25T23:07:20","modified_gmt":"2025-11-25T23:07:20","slug":"en-la-administracion-de-la-prefecta-marcela-aguinaga-y-con-una-inversion-que-supera-los-usd-19-millones-guayas-inaugura-la-ampliacion-a-4-carriles-de-la-via-la-aurora-la-t-de-las-maravillas","status":"publish","type":"post","link":"https:\/\/radiocresatelital.com\/?p=42606","title":{"rendered":"En la administraci\u00f3n de la Prefecta Marcela Agui\u00f1aga y con una inversi\u00f3n que supera los USD 19 millones, Guayas inaugura la ampliaci\u00f3n a 4 carriles de la v\u00eda La Aurora-La T de Las Maravillas"},"content":{"rendered":"<p><span style=\"font-weight: 400;\">Guayaquil.- En un acto hist\u00f3rico para la vialidad de la provincia del Guayas, la prefecta Marcela Agui\u00f1aga cumpli\u00f3 este martes con la entrega oficial de la ampliaci\u00f3n a cuatro carriles de la v\u00eda concesionada La Aurora-La T de Las Maravillas, concretando un ambicioso proyecto de infraestructura que mejorar\u00e1 sustancialmente la movilidad, seguridad y conectividad para m\u00e1s de 200.000 habitantes de la zona y cantones aleda\u00f1os.<\/span><\/p>\n<p><span style=\"font-weight: 400;\">La intervenci\u00f3n vial comprende un tramo de 6 km, que originalmente contaba con apenas dos carriles y ha sido ampliado a cuatro (dos por sentido), con un ancho de calzada de 20.40 metros, incluyendo espaldones y una franja central. La obra cuenta con se\u00f1alizaci\u00f3n horizontal y vertical, sistema completo de iluminaci\u00f3n led y mejoras en el drenaje pluvial, lo que garantiza una circulaci\u00f3n segura y eficiente. \u201cEsto no es solamente una carretera, este es un corredor que conecta producci\u00f3n, educaci\u00f3n, comercio y, sin duda alguna, oportunidades.\u201d, declar\u00f3 Agui\u00f1aga en la ceremonia.<\/span><\/p>\n<p><span style=\"font-weight: 400;\">La Aurora-La T de Las Maravillas es resultado de un trabajo t\u00e9cnico integral, que represent\u00f3 una inversi\u00f3n superior a los USD 19 millones para fortalecer la movilidad local y conectividad regional. De esta manera, se mejora la calidad de vida de zonas rurales y urbanas, y se fomenta el crecimiento econ\u00f3mico en 7 cantones (Samborond\u00f3n, Guayaquil, Daule, Nobol, Palestina, Santa Luc\u00eda y Salitre).<\/span><\/p>\n<p><span style=\"font-weight: 400;\">Ante cientos de asistentes, la m\u00e1xima autoridad en Guayas anunci\u00f3 tambi\u00e9n otras obras de gran importancia. \u201cQuiero darles otra buena noticia: No solamente nos vamos a quedar aqu\u00ed, porque en el 2026 se vienen 8 kil\u00f3metros m\u00e1s hasta llegar a Salitre. Viene esa inversi\u00f3n, haciendo un esfuerzo enorme. Es as\u00ed como debe trabajarse en la provincia del Guayas. No solamente es necesario hacer la obra bien, hay que hacerlas a tiempo y si es posible, antes\u201d, dijo.<\/span><\/p>\n<p><span style=\"font-weight: 400;\">\u201cSoy agricultor y productor de Los Lojas y estoy muy agradecido con esta obra, como todos los que vivimos por aqu\u00ed y sus alrededores. Siga trabajando as\u00ed, Prefecta, que cuenta con el apoyo de todos los agricultores y montuvios\u00bb, sostuvo F\u00e9lix Cujil\u00e1n, quien acudi\u00f3 a la inauguraci\u00f3n junto a otros representantes de la comunidad.\u00a0<\/span><\/p>\n<p><strong>Como parte de los trabajos ejecutados, se destacan:<\/strong><\/p>\n<p><span style=\"font-weight: 400;\">* Excavaci\u00f3n para la formaci\u00f3n del nuevo pavimento.<\/span><\/p>\n<p><span style=\"font-weight: 400;\">* Mejoramiento de suelo para garantizar la durabilidad y resistencia para una v\u00eda de alto tr\u00e1\ufb01co.<\/span><\/p>\n<p><span style=\"font-weight: 400;\">* Cambio de alcantarillas existentes por nuevas estructuras de tubos de hormig\u00f3n, aumentando la capacidad hidr\u00e1ulica y evitando inundaciones en \u00e9poca invernal.<\/span><\/p>\n<p><span style=\"font-weight: 400;\">* Colocaci\u00f3n de una carpeta asf\u00e1ltica de 15 cm de espesor, dise\u00f1ada para soportar el tr\u00e1nsito pesado y reducir la necesidad de mantenimiento futuro.<\/span><\/p>\n","protected":false},"excerpt":{"rendered":"<p>Guayaquil.- En un acto hist\u00f3rico para la vialidad de la provincia del Guayas, la prefecta Marcela Agui\u00f1aga cumpli\u00f3 este martes con la entrega oficial de la ampliaci\u00f3n a cuatro carriles de la v\u00eda concesionada La Aurora-La T de Las Maravillas, concretando un ambicioso proyecto de infraestructura que mejorar\u00e1 sustancialmente la movilidad, seguridad y conectividad para [&hellip;]<\/p>\n","protected":false},"author":2,"featured_media":42607,"comment_status":"open","ping_status":"closed","sticky":false,"template":"","format":"standard","meta":{"_jetpack_memberships_contains_paid_content":false,"footnotes":""},"categories":[13],"tags":[2699,415],"class_list":["post-42606","post","type-post","status-publish","format-standard","has-post-thumbnail","hentry","category-noticias-nacionales","tag-prefecta-marcela-aguinaga","tag-prefectura-ciudadana-del-guayas"],"jetpack_featured_media_url":"https:\/\/radiocresatelital.com\/wp-content\/uploads\/2025\/11\/IMG-20251125-WA0206-scaled.jpg","jetpack_sharing_enabled":true,"_links":{"self":[{"href":"https:\/\/radiocresatelital.com\/index.php?rest_route=\/wp\/v2\/posts\/42606","targetHints":{"allow":["GET"]}}],"collection":[{"href":"https:\/\/radiocresatelital.com\/index.php?rest_route=\/wp\/v2\/posts"}],"about":[{"href":"https:\/\/radiocresatelital.com\/index.php?rest_route=\/wp\/v2\/types\/post"}],"author":[{"embeddable":true,"href":"https:\/\/radiocresatelital.com\/index.php?rest_route=\/wp\/v2\/users\/2"}],"replies":[{"embeddable":true,"href":"https:\/\/radiocresatelital.com\/index.php?rest_route=%2Fwp%2Fv2%2Fcomments&post=42606"}],"version-history":[{"count":3,"href":"https:\/\/radiocresatelital.com\/index.php?rest_route=\/wp\/v2\/posts\/42606\/revisions"}],"predecessor-version":[{"id":42610,"href":"https:\/\/radiocresatelital.com\/index.php?rest_route=\/wp\/v2\/posts\/42606\/revisions\/42610"}],"wp:featuredmedia":[{"embeddable":true,"href":"https:\/\/radiocresatelital.com\/index.php?rest_route=\/wp\/v2\/media\/42607"}],"wp:attachment":[{"href":"https:\/\/radiocresatelital.com\/index.php?rest_route=%2Fwp%2Fv2%2Fmedia&parent=42606"}],"wp:term":[{"taxonomy":"category","embeddable":true,"href":"https:\/\/radiocresatelital.com\/index.php?rest_route=%2Fwp%2Fv2%2Fcategories&post=42606"},{"taxonomy":"post_tag","embeddable":true,"href":"https:\/\/radiocresatelital.com\/index.php?rest_route=%2Fwp%2Fv2%2Ftags&post=42606"}],"curies":[{"name":"wp","href":"https:\/\/api.w.org\/{rel}","templated":true}]}}