{"id":42603,"date":"2025-11-25T21:33:25","date_gmt":"2025-11-25T21:33:25","guid":{"rendered":"https:\/\/radiocresatelital.com\/?p=42603"},"modified":"2025-11-25T21:33:33","modified_gmt":"2025-11-25T21:33:33","slug":"tradicion-y-diversidad-se-viven-en-el-taller-de-danza-latinoamericana","status":"publish","type":"post","link":"https:\/\/radiocresatelital.com\/?p=42603","title":{"rendered":"Tradici\u00f3n y diversidad se viven en el taller de danza latinoamericana"},"content":{"rendered":"<p>Guayaquil.- Entre risas y movimientos, aproximadamente 80 personas participaron en un taller que destac\u00f3 la riqueza cultural de Ecuador, M\u00e9xico y Colombia. Guiados por instructores internacionales, los asistentes aprendieron t\u00e9cnicas, pasos y ritmos que reflejan la identidad de cada pa\u00eds. La actividad fue organizada por la Asociaci\u00f3n Internacional de Folclore Latinoamericano en coordinaci\u00f3n con la Direcci\u00f3n de Turismo y Eventos Especiales de la Alcald\u00eda de Guayaquil.<\/p>\n<p>Durante tres horas, los participantes combinaron teor\u00eda y pr\u00e1ctica, descubriendo la esencia de cada baile folcl\u00f3rico y experimentando de primera mano los movimientos que han dado vida a las tradiciones de Latinoam\u00e9rica. \u201cMe parece una bonita forma de enriquecer la cultura de cada pa\u00eds; en este taller estamos conociendo la cultura de Ecuador, M\u00e9xico y Colombia\u201d, mencion\u00f3 una de las asistentes Andrea P\u00e9rez.<\/p>\n<p>El taller tiene como objetivo promover el intercambio cultural y fortalecer la valoraci\u00f3n de la diversidad del continente. La jornada culminar\u00e1 con una presentaci\u00f3n final de los bailes aprendidos, programada para el pr\u00f3ximo mi\u00e9rcoles a las 17h30 locales (22h30 GMT) en el Sal\u00f3n de Cultura Olmedo. Adem\u00e1s, los grupos de danza participar\u00e1n en actividades tur\u00edsticas en el centro de la ciudad, difundiendo la riqueza cultural de Guayaquil y Latinoam\u00e9rica.<\/p>\n<p>Con esta iniciativa, la Alcald\u00eda reafirma su compromiso con el arte, la identidad cultural y la promoci\u00f3n tur\u00edstica de la ciudad, transformando espacios y vivencias en aut\u00e9nticos escenarios de folclore y diversidad.<\/p>\n","protected":false},"excerpt":{"rendered":"<p>Guayaquil.- Entre risas y movimientos, aproximadamente 80 personas participaron en un taller que destac\u00f3 la riqueza cultural de Ecuador, M\u00e9xico y Colombia. Guiados por instructores internacionales, los asistentes aprendieron t\u00e9cnicas, pasos y ritmos que reflejan la identidad de cada pa\u00eds. La actividad fue organizada por la Asociaci\u00f3n Internacional de Folclore Latinoamericano en coordinaci\u00f3n con la [&hellip;]<\/p>\n","protected":false},"author":2,"featured_media":42604,"comment_status":"open","ping_status":"closed","sticky":false,"template":"","format":"standard","meta":{"_jetpack_memberships_contains_paid_content":false,"footnotes":""},"categories":[33,13],"tags":[6816],"class_list":["post-42603","post","type-post","status-publish","format-standard","has-post-thumbnail","hentry","category-guayaquil","category-noticias-nacionales","tag-direccion-de-turismo-y-eventos-especiales-de-la-alcaldia-de-guayaquil"],"jetpack_featured_media_url":"https:\/\/radiocresatelital.com\/wp-content\/uploads\/2025\/11\/IMG-20251124-WA0387-scaled.jpg","jetpack_sharing_enabled":true,"_links":{"self":[{"href":"https:\/\/radiocresatelital.com\/index.php?rest_route=\/wp\/v2\/posts\/42603","targetHints":{"allow":["GET"]}}],"collection":[{"href":"https:\/\/radiocresatelital.com\/index.php?rest_route=\/wp\/v2\/posts"}],"about":[{"href":"https:\/\/radiocresatelital.com\/index.php?rest_route=\/wp\/v2\/types\/post"}],"author":[{"embeddable":true,"href":"https:\/\/radiocresatelital.com\/index.php?rest_route=\/wp\/v2\/users\/2"}],"replies":[{"embeddable":true,"href":"https:\/\/radiocresatelital.com\/index.php?rest_route=%2Fwp%2Fv2%2Fcomments&post=42603"}],"version-history":[{"count":1,"href":"https:\/\/radiocresatelital.com\/index.php?rest_route=\/wp\/v2\/posts\/42603\/revisions"}],"predecessor-version":[{"id":42605,"href":"https:\/\/radiocresatelital.com\/index.php?rest_route=\/wp\/v2\/posts\/42603\/revisions\/42605"}],"wp:featuredmedia":[{"embeddable":true,"href":"https:\/\/radiocresatelital.com\/index.php?rest_route=\/wp\/v2\/media\/42604"}],"wp:attachment":[{"href":"https:\/\/radiocresatelital.com\/index.php?rest_route=%2Fwp%2Fv2%2Fmedia&parent=42603"}],"wp:term":[{"taxonomy":"category","embeddable":true,"href":"https:\/\/radiocresatelital.com\/index.php?rest_route=%2Fwp%2Fv2%2Fcategories&post=42603"},{"taxonomy":"post_tag","embeddable":true,"href":"https:\/\/radiocresatelital.com\/index.php?rest_route=%2Fwp%2Fv2%2Ftags&post=42603"}],"curies":[{"name":"wp","href":"https:\/\/api.w.org\/{rel}","templated":true}]}}