{"id":42566,"date":"2025-11-25T19:42:48","date_gmt":"2025-11-25T19:42:48","guid":{"rendered":"https:\/\/radiocresatelital.com\/?p=42566"},"modified":"2025-11-25T19:42:48","modified_gmt":"2025-11-25T19:42:48","slug":"el-rostro-de-la-ciudad-cambia-con-arboles-emblematicos-y-plantas-ornamentales","status":"publish","type":"post","link":"https:\/\/radiocresatelital.com\/?p=42566","title":{"rendered":"El rostro de la ciudad cambia con \u00e1rboles emblem\u00e1ticos y plantas ornamentales"},"content":{"rendered":"<p>Guayaquil.- Durante la administraci\u00f3n del alcalde Aquiles Alvarez, miles de especies ornamentales y nativas se han sembrado en avenidas, parques y jardineras, transformando el paisaje urbano y creando un entorno m\u00e1s verde, fresco y sostenible.<\/p>\n<p>El Municipio de Guayaquil, a trav\u00e9s de Parques EP, lidera estas intervenciones estrat\u00e9gicas que mejoran la calidad de vida de los ciudadanos.<\/p>\n<p>El programa ha incorporado 182.167 plantas ornamentales y 18.700 \u00e1rboles nativos, cifras que reflejan un crecimiento sostenido del arbolado y de la vegetaci\u00f3n en espacios p\u00fablicos. Entre los \u00e1rboles sembrados destacan ceibos, guayacanes, cedros y robles, que brindan sombra y fortalecen la biodiversidad urbana.<\/p>\n<p>El embellecimiento de la ciudad tambi\u00e9n incluye plantas ornamentales que aportan color y vitalidad a jardineras y parterres. Entre las especies utilizadas se encuentran philodendros lim\u00f3n, cordenlines, Schefflera arboricola, ixoras y ginger rojas, acompa\u00f1adas de amplias \u00e1reas de c\u00e9sped San Agust\u00edn que renuevan los espacios verdes con una est\u00e9tica m\u00e1s viva y diversa.<\/p>\n<p>Las siembras se han realizado en puntos estrat\u00e9gicos, entre ellos:<br \/>\n\u2022 Av. Carlos Julio Arosemena<br \/>\n\u2022 Distribuidor de la Av. 25 de Julio<br \/>\n\u2022 Parterres de Portete y Plaza Da\u00f1\u00edn<br \/>\n\u2022 Jardineras del Puerto Santa Ana<br \/>\n\u2022 V\u00eda a Daule, km 4.5<br \/>\n\u2022 Av. Pedro Men\u00e9ndez Gilbert<br \/>\n\u2022 Redondel de Sauces en Av. Isidro Ayora<br \/>\n\u2022 Redondel Francisco Mart\u00ednez, en Los Ceibos<br \/>\n\u2022 Intersecci\u00f3n Av. Perimetral y calle Eduardo Sol\u00e1<br \/>\n\u2022 Av. Rodr\u00edguez Bon\u00edn<\/p>\n<p>Estas acciones, que se ejecutan de manera continua, consolidan un modelo de ciudad m\u00e1s verde, fresca y amigable con el ambiente. D\u00eda a d\u00eda, nuevos \u00e1rboles y plantas se incorporan al paisaje urbano, construyendo espacios p\u00fablicos m\u00e1s agradables, sostenibles y llenos de vida para los guayaquile\u00f1os.<\/p>\n","protected":false},"excerpt":{"rendered":"<p>Guayaquil.- Durante la administraci\u00f3n del alcalde Aquiles Alvarez, miles de especies ornamentales y nativas se han sembrado en avenidas, parques y jardineras, transformando el paisaje urbano y creando un entorno m\u00e1s verde, fresco y sostenible. El Municipio de Guayaquil, a trav\u00e9s de Parques EP, lidera estas intervenciones estrat\u00e9gicas que mejoran la calidad de vida de [&hellip;]<\/p>\n","protected":false},"author":2,"featured_media":42568,"comment_status":"open","ping_status":"closed","sticky":false,"template":"","format":"standard","meta":{"_jetpack_memberships_contains_paid_content":false,"footnotes":""},"categories":[33,13],"tags":[1519],"class_list":["post-42566","post","type-post","status-publish","format-standard","has-post-thumbnail","hentry","category-guayaquil","category-noticias-nacionales","tag-alcalde-aquiles-alvarez"],"jetpack_featured_media_url":"https:\/\/radiocresatelital.com\/wp-content\/uploads\/2025\/11\/WhatsApp-Image-2023-01-03-at-12.59.51-e1672770504539-800x445-1.jpg","jetpack_sharing_enabled":true,"_links":{"self":[{"href":"https:\/\/radiocresatelital.com\/index.php?rest_route=\/wp\/v2\/posts\/42566","targetHints":{"allow":["GET"]}}],"collection":[{"href":"https:\/\/radiocresatelital.com\/index.php?rest_route=\/wp\/v2\/posts"}],"about":[{"href":"https:\/\/radiocresatelital.com\/index.php?rest_route=\/wp\/v2\/types\/post"}],"author":[{"embeddable":true,"href":"https:\/\/radiocresatelital.com\/index.php?rest_route=\/wp\/v2\/users\/2"}],"replies":[{"embeddable":true,"href":"https:\/\/radiocresatelital.com\/index.php?rest_route=%2Fwp%2Fv2%2Fcomments&post=42566"}],"version-history":[{"count":1,"href":"https:\/\/radiocresatelital.com\/index.php?rest_route=\/wp\/v2\/posts\/42566\/revisions"}],"predecessor-version":[{"id":42569,"href":"https:\/\/radiocresatelital.com\/index.php?rest_route=\/wp\/v2\/posts\/42566\/revisions\/42569"}],"wp:featuredmedia":[{"embeddable":true,"href":"https:\/\/radiocresatelital.com\/index.php?rest_route=\/wp\/v2\/media\/42568"}],"wp:attachment":[{"href":"https:\/\/radiocresatelital.com\/index.php?rest_route=%2Fwp%2Fv2%2Fmedia&parent=42566"}],"wp:term":[{"taxonomy":"category","embeddable":true,"href":"https:\/\/radiocresatelital.com\/index.php?rest_route=%2Fwp%2Fv2%2Fcategories&post=42566"},{"taxonomy":"post_tag","embeddable":true,"href":"https:\/\/radiocresatelital.com\/index.php?rest_route=%2Fwp%2Fv2%2Ftags&post=42566"}],"curies":[{"name":"wp","href":"https:\/\/api.w.org\/{rel}","templated":true}]}}