{"id":42559,"date":"2025-11-25T19:21:09","date_gmt":"2025-11-25T19:21:09","guid":{"rendered":"https:\/\/radiocresatelital.com\/?p=42559"},"modified":"2025-11-25T19:28:55","modified_gmt":"2025-11-25T19:28:55","slug":"dos-anos-de-gestion-el-presidente-daniel-noboa-consolida-la-recuperacion-del-sistema-electrico-nacional-las-transformaciones-del-2023-al-2025","status":"publish","type":"post","link":"https:\/\/radiocresatelital.com\/?p=42559","title":{"rendered":"Dos a\u00f1os de gesti\u00f3n, el Presidente Daniel Noboa consolida la recuperaci\u00f3n del sistema el\u00e9ctrico nacional: las transformaciones del 2023 al 2025"},"content":{"rendered":"<p class=\"has-medium-font-size\">Quito.- A dos a\u00f1os de gesti\u00f3n, el Ecuador presenta una recuperaci\u00f3n sostenida y verificable de su sistema el\u00e9ctrico, dejando atr\u00e1s la crisis energ\u00e9tica que marc\u00f3 al pa\u00eds. En 2023, la oferta de generaci\u00f3n pr\u00e1cticamente no registr\u00f3 crecimiento adicional m\u00e1s all\u00e1 de los proyectos ya contemplados en la planificaci\u00f3n, como Sarapullo (47,3 MW), Minas de Huascachaca (56 MW) y Ulba (1 MW), incrementos marginales que no modificaron la estructura del Sistema Nacional Interconectado. Paralelamente, los embalses registraban niveles bajos, alrededor del 30%, y el parque t\u00e9rmico acumulaba altos niveles de indisponibilidad por falta de mantenimiento e infraestructura siniestrada.<\/p>\n<p class=\"has-medium-font-size\">Ante este escenario cr\u00edtico, sumado a la peor sequ\u00eda de la historia, el Gobierno de El Nuevo Ecuador impuls\u00f3 procesos emergentes que permitieron incorporar 182,4 MW de nueva potencia, principalmente t\u00e9rmica, y estabilizar parcialmente la operaci\u00f3n del sistema en medio de la contingencia. De forma paralela, se iniciaron acciones para recuperar unidades siniestradas y ampliar la capacidad disponible en centrales estrat\u00e9gicas.<\/p>\n<p class=\"has-medium-font-size\">Gracias a estas decisiones, 2025 marca un punto de inflexi\u00f3n. La nueva capacidad incorporada durante 2024 comenz\u00f3 a consolidarse y se sumaron nuevos proyectos que incrementaron la oferta de generaci\u00f3n en aproximadamente 440 MW adicionales, entre centrales hidroel\u00e9ctricas, t\u00e9rmicas y soluciones de arrendamiento. En total, entre nueva generaci\u00f3n y recuperaci\u00f3n de unidades, el sistema el\u00e9ctrico nacional se ha fortalecido en m\u00e1s de 860 MW en estos dos a\u00f1os de gesti\u00f3n, incluyendo la reincorporaci\u00f3n de 239,6 MW de unidades t\u00e9rmicas antes siniestradas o limitadas. Destacan la recuperaci\u00f3n de Trinitaria y el mantenimiento mayor autorizado en Sopladora U2, que permitir\u00e1 restituir 162,3 MW a la disponibilidad del sistema.<\/p>\n<p class=\"has-medium-font-size\">El fortalecimiento de la generaci\u00f3n firme y las decisiones operativas adoptadas permitieron preservar los embalses en niveles \u00f3ptimos. Mientras en 2023 las reservas se ubicaban alrededor del 30%, en 2025 la cadena Paute\u2013Mazar alcanza niveles cercanos al 98% de su capacidad, acompa\u00f1ada de condiciones favorables en Pisayambo, Daniel Palacios y Marcel Laniado. Este almacenamiento constituye un respaldo estrat\u00e9gico para cubrir la demanda en escenarios de estiaje, variabilidad clim\u00e1tica o contingencias en el parque generador.<\/p>\n<p class=\"has-medium-font-size\">Paralelamente, el Sistema Nacional de Transmisi\u00f3n registra avances significativos en obras estructurales, con m\u00e1s de USD 116 millones ejecutados hasta septiembre de 2025 en ampliaciones, nuevas l\u00edneas y modernizaci\u00f3n de subestaciones. A esto se suman USD 63,29 millones en reposici\u00f3n y ampliaci\u00f3n de infraestructura prioritaria, USD 140,19 millones destinados al reforzamiento el\u00e9ctrico del sector acu\u00edcola mediante financiamiento CAF y USD 69,55 millones en proyectos de confiabilidad financiados v\u00eda tarifa, lo que fortalece la continuidad y estabilidad del servicio.<\/p>\n<p class=\"has-medium-font-size\">Los resultados alcanzados durante estos dos a\u00f1os evidencian un cambio estructural frente a la realidad de 2023. El pa\u00eds cuenta hoy con mayor generaci\u00f3n firme, un parque t\u00e9rmico recuperado, embalses en niveles hist\u00f3ricos, inversiones sostenidas en transmisi\u00f3n y una planificaci\u00f3n operativa que reduce la dependencia del recurso h\u00eddrico. Ecuador dispone ahora de un sistema el\u00e9ctrico m\u00e1s robusto, seguro y resiliente, preparado para enfrentar el estiaje, garantizar el suministro continuo y acompa\u00f1ar el crecimiento productivo y social del pa\u00eds.<\/p>\n","protected":false},"excerpt":{"rendered":"<p>Quito.- A dos a\u00f1os de gesti\u00f3n, el Ecuador presenta una recuperaci\u00f3n sostenida y verificable de su sistema el\u00e9ctrico, dejando atr\u00e1s la crisis energ\u00e9tica que marc\u00f3 al pa\u00eds. En 2023, la oferta de generaci\u00f3n pr\u00e1cticamente no registr\u00f3 crecimiento adicional m\u00e1s all\u00e1 de los proyectos ya contemplados en la planificaci\u00f3n, como Sarapullo (47,3 MW), Minas de Huascachaca [&hellip;]<\/p>\n","protected":false},"author":2,"featured_media":42560,"comment_status":"open","ping_status":"closed","sticky":false,"template":"","format":"standard","meta":{"_jetpack_memberships_contains_paid_content":false,"footnotes":""},"categories":[13],"tags":[6106],"class_list":["post-42559","post","type-post","status-publish","format-standard","has-post-thumbnail","hentry","category-noticias-nacionales","tag-sistema-nacional-interconectado"],"jetpack_featured_media_url":"https:\/\/radiocresatelital.com\/wp-content\/uploads\/2025\/11\/14659403989_7acc57dcc8_b.jpg","jetpack_sharing_enabled":true,"_links":{"self":[{"href":"https:\/\/radiocresatelital.com\/index.php?rest_route=\/wp\/v2\/posts\/42559","targetHints":{"allow":["GET"]}}],"collection":[{"href":"https:\/\/radiocresatelital.com\/index.php?rest_route=\/wp\/v2\/posts"}],"about":[{"href":"https:\/\/radiocresatelital.com\/index.php?rest_route=\/wp\/v2\/types\/post"}],"author":[{"embeddable":true,"href":"https:\/\/radiocresatelital.com\/index.php?rest_route=\/wp\/v2\/users\/2"}],"replies":[{"embeddable":true,"href":"https:\/\/radiocresatelital.com\/index.php?rest_route=%2Fwp%2Fv2%2Fcomments&post=42559"}],"version-history":[{"count":2,"href":"https:\/\/radiocresatelital.com\/index.php?rest_route=\/wp\/v2\/posts\/42559\/revisions"}],"predecessor-version":[{"id":42565,"href":"https:\/\/radiocresatelital.com\/index.php?rest_route=\/wp\/v2\/posts\/42559\/revisions\/42565"}],"wp:featuredmedia":[{"embeddable":true,"href":"https:\/\/radiocresatelital.com\/index.php?rest_route=\/wp\/v2\/media\/42560"}],"wp:attachment":[{"href":"https:\/\/radiocresatelital.com\/index.php?rest_route=%2Fwp%2Fv2%2Fmedia&parent=42559"}],"wp:term":[{"taxonomy":"category","embeddable":true,"href":"https:\/\/radiocresatelital.com\/index.php?rest_route=%2Fwp%2Fv2%2Fcategories&post=42559"},{"taxonomy":"post_tag","embeddable":true,"href":"https:\/\/radiocresatelital.com\/index.php?rest_route=%2Fwp%2Fv2%2Ftags&post=42559"}],"curies":[{"name":"wp","href":"https:\/\/api.w.org\/{rel}","templated":true}]}}