{"id":42553,"date":"2025-11-25T19:01:52","date_gmt":"2025-11-25T19:01:52","guid":{"rendered":"https:\/\/radiocresatelital.com\/?p=42553"},"modified":"2025-11-25T19:01:52","modified_gmt":"2025-11-25T19:01:52","slug":"concluye-exitosamente-el-fiavloja-2025-presidente-daniel-noboa-invirtio-1-35-millones-para-impulsar-las-artes-y-alcanzar-163-mil-asistentes","status":"publish","type":"post","link":"https:\/\/radiocresatelital.com\/?p=42553","title":{"rendered":"Concluye exitosamente el FIAVLoja 2025: Presidente Daniel Noboa invirti\u00f3 $1.35 millones para impulsar las artes y alcanzar 163 mil asistentes"},"content":{"rendered":"<p>Quito.-\u00a0La d\u00e9cima edici\u00f3n del Festival Internacional de Artes Vivas de Loja 2025 (FIAVLoja) se clausur\u00f3 con un rotundo \u00e9xito, demostrando el compromiso del Gobierno Nacional con la cultura. Gracias a una inversi\u00f3n de cerca de 1,35 millones de d\u00f3lares, el festival registr\u00f3 un total de 163.162 asistencias a lo largo de las 313 actividades programadas. Esta gesti\u00f3n conjunta, liderada por el Ministerio de Educaci\u00f3n, Deporte y Cultura y el Municipio de Loja, consolida al FIAVLoja como la mayor fiesta cultural del Ecuador.<\/p>\n<p>Durante once d\u00edas, del 13 al 23 de noviembre, la \u2018Capital Cultural y Musical del Ecuador\u2019 se transform\u00f3 en el principal referente de la creaci\u00f3n art\u00edstica y en un vibrante destino cultural. Las 313 actividades estuvieron distribuidas en siete compontes y se desarrollaron en diversos escenarios convencionales, plazas, parques y calles, atrayendo a artistas, gestores y p\u00fablicos nacionales e internacionales.<\/p>\n<p>Esta edici\u00f3n se enmarc\u00f3 en la declaratoria del 2025 como A\u00f1o Iberoamericano de las Artes Esc\u00e9nicas en 22 pa\u00edses. Chile fue el invitado de honor, sum\u00e1ndose a la participaci\u00f3n de otros 17 pa\u00edses y la Uni\u00f3n Europea.<\/p>\n<p>Un total de 116 elencos (nacionales, internacionales y lojanos) presentaron 125 obras art\u00edsticas, contando con la participaci\u00f3n de 6.301 trabajadores del arte y la cultura, incluyendo artistas, t\u00e9cnicos, gestores y estudiantes en comparsas aleg\u00f3ricas. Esto reafirma que el Festival de Loja se ha convertido en un hito cultural para las artes vivas del Ecuador y la regi\u00f3n.<\/p>\n<p>La programaci\u00f3n del FIAVLoja 2025 se cumpli\u00f3 a cabalidad, incluyendo componentes como Internacional, Nacional, Municipal, Infanto-juvenil, FIAVLab-Escuela del Festival, Programa Nacional Camino a Loja y Salud+Arte.<\/p>\n<p>El \u00e9xito de la gesti\u00f3n fue posible gracias al apoyo y cooperaci\u00f3n de aliados clave como la Organizaci\u00f3n de Estados Iberoamericanos (OEI), el Instituto de Fomento de las Artes, Innovaci\u00f3n y Creatividad (IFAIC), la Organizaci\u00f3n Panamericana de la Salud \/ Organizaci\u00f3n Mundial de la Salud (OPS\/OMS), la Mesa T\u00e9cnica Interinstitucional del Festival de Loja, el Cuerpo Diplom\u00e1tico acreditado en el pa\u00eds y la empresa privada, consolidando as\u00ed una alianza estrat\u00e9gica en favor del arte y la cultura.<\/p>\n<p>El festival se cerr\u00f3 la noche de este domingo con la presentaci\u00f3n de la obra \u2018Perfecta\u2019, a cargo del elenco chileno Los Nadie Circo, en el escenario del Teatro Benjam\u00edn\u00a0Carri\u00f3n.<\/p>\n","protected":false},"excerpt":{"rendered":"<p>Quito.-\u00a0La d\u00e9cima edici\u00f3n del Festival Internacional de Artes Vivas de Loja 2025 (FIAVLoja) se clausur\u00f3 con un rotundo \u00e9xito, demostrando el compromiso del Gobierno Nacional con la cultura. Gracias a una inversi\u00f3n de cerca de 1,35 millones de d\u00f3lares, el festival registr\u00f3 un total de 163.162 asistencias a lo largo de las 313 actividades programadas. [&hellip;]<\/p>\n","protected":false},"author":2,"featured_media":42554,"comment_status":"open","ping_status":"closed","sticky":false,"template":"","format":"standard","meta":{"_jetpack_memberships_contains_paid_content":false,"footnotes":""},"categories":[13],"tags":[6808],"class_list":["post-42553","post","type-post","status-publish","format-standard","has-post-thumbnail","hentry","category-noticias-nacionales","tag-festival-internacional-de-artes-vivas-de-loja-2025"],"jetpack_featured_media_url":"https:\/\/radiocresatelital.com\/wp-content\/uploads\/2025\/11\/loja-festival.png","jetpack_sharing_enabled":true,"_links":{"self":[{"href":"https:\/\/radiocresatelital.com\/index.php?rest_route=\/wp\/v2\/posts\/42553","targetHints":{"allow":["GET"]}}],"collection":[{"href":"https:\/\/radiocresatelital.com\/index.php?rest_route=\/wp\/v2\/posts"}],"about":[{"href":"https:\/\/radiocresatelital.com\/index.php?rest_route=\/wp\/v2\/types\/post"}],"author":[{"embeddable":true,"href":"https:\/\/radiocresatelital.com\/index.php?rest_route=\/wp\/v2\/users\/2"}],"replies":[{"embeddable":true,"href":"https:\/\/radiocresatelital.com\/index.php?rest_route=%2Fwp%2Fv2%2Fcomments&post=42553"}],"version-history":[{"count":1,"href":"https:\/\/radiocresatelital.com\/index.php?rest_route=\/wp\/v2\/posts\/42553\/revisions"}],"predecessor-version":[{"id":42555,"href":"https:\/\/radiocresatelital.com\/index.php?rest_route=\/wp\/v2\/posts\/42553\/revisions\/42555"}],"wp:featuredmedia":[{"embeddable":true,"href":"https:\/\/radiocresatelital.com\/index.php?rest_route=\/wp\/v2\/media\/42554"}],"wp:attachment":[{"href":"https:\/\/radiocresatelital.com\/index.php?rest_route=%2Fwp%2Fv2%2Fmedia&parent=42553"}],"wp:term":[{"taxonomy":"category","embeddable":true,"href":"https:\/\/radiocresatelital.com\/index.php?rest_route=%2Fwp%2Fv2%2Fcategories&post=42553"},{"taxonomy":"post_tag","embeddable":true,"href":"https:\/\/radiocresatelital.com\/index.php?rest_route=%2Fwp%2Fv2%2Ftags&post=42553"}],"curies":[{"name":"wp","href":"https:\/\/api.w.org\/{rel}","templated":true}]}}