{"id":42550,"date":"2025-11-25T18:59:30","date_gmt":"2025-11-25T18:59:30","guid":{"rendered":"https:\/\/radiocresatelital.com\/?p=42550"},"modified":"2025-11-25T18:59:30","modified_gmt":"2025-11-25T18:59:30","slug":"mas-de-500-participantes-en-el-foro-impulsado-por-el-gobierno-para-fortalecer-la-igualdad-de-genero-a-traves-del-deporte","status":"publish","type":"post","link":"https:\/\/radiocresatelital.com\/?p=42550","title":{"rendered":"M\u00e1s de 500 participantes en el foro impulsado por el Gobierno para fortalecer la igualdad de g\u00e9nero a trav\u00e9s del deporte"},"content":{"rendered":"<p>Quito.-\u00a0En conmemoraci\u00f3n del D\u00eda Internacional de la Eliminaci\u00f3n de la Violencia contra la Mujer, este 25 de noviembre el Ministerio de Educaci\u00f3n, Deporte y Cultura, en colaboraci\u00f3n con la Concentraci\u00f3n Deportiva de Pichincha, desarroll\u00f3 el panel \u201cLIBRES Y FUERTES: Educamos, inspiramos y avanzamos por una vida libre de violencia\u201d, un encuentro que reuni\u00f3 a m\u00e1s de 500 asistentes, entre autoridades locales, deportistas, estudiantes, docentes y ciudadan\u00eda.<\/p>\n<p>Este espacio se consolida como una plataforma interinstitucional de alto nivel, cuyo prop\u00f3sito es visibilizar las acciones del Gobierno Nacional en la promoci\u00f3n de la igualdad de g\u00e9nero, la prevenci\u00f3n de la violencia y la construcci\u00f3n de entornos seguros, protectores y libres de cualquier forma de discriminaci\u00f3n hacia mujeres y ni\u00f1as en el \u00e1mbito deportivo.<\/p>\n<p>Durante el evento, el Viceministerio del Deporte abord\u00f3 temas vinculados con el Protocolo de Actuaci\u00f3n frente a casos de violencia de g\u00e9nero en el sistema deportivo del Ecuador, suscrito conjuntamente por el Viceministerio, el Consejo Nacional para la Igualdad de G\u00e9nero, el Consejo Nacional para la Igualdad de Discapacidades y con el apoyo de ONU Mujeres.<\/p>\n<p>Actualmente existen 172 mujeres deportista dentro del Plan de Alto Rendimiento, que promueve el Gobierno y que quienes d\u00eda a d\u00eda se convierten en un ejemplo de disciplina, coraje y superaci\u00f3n para cientos de ni\u00f1as y adolescentes que ven en el deporte un camino de vida y una oportunidad para construir su futuro.<\/p>\n<p>El deporte trasciende barreras, fomentando la paz, la cohesi\u00f3n social, la inclusi\u00f3n y el bienestar f\u00edsico y mental. Mediante iniciativas como esta, estudiantes, deportistas y la comunidad educativa se consolidan como actores activos e indispensables del cambio social.<\/p>\n<p>El Ministerio de Educaci\u00f3n, Deporte y Cultura reafirma su compromiso con la defensa de los derechos humanos, especialmente de las ni\u00f1as, ni\u00f1os, adolescentes, mujeres y grupos de atenci\u00f3n prioritaria con el objetivo de mejorar la calidad de vida de\u00a0esta\u00a0poblaci\u00f3n.<\/p>\n","protected":false},"excerpt":{"rendered":"<p>Quito.-\u00a0En conmemoraci\u00f3n del D\u00eda Internacional de la Eliminaci\u00f3n de la Violencia contra la Mujer, este 25 de noviembre el Ministerio de Educaci\u00f3n, Deporte y Cultura, en colaboraci\u00f3n con la Concentraci\u00f3n Deportiva de Pichincha, desarroll\u00f3 el panel \u201cLIBRES Y FUERTES: Educamos, inspiramos y avanzamos por una vida libre de violencia\u201d, un encuentro que reuni\u00f3 a m\u00e1s [&hellip;]<\/p>\n","protected":false},"author":2,"featured_media":42551,"comment_status":"open","ping_status":"closed","sticky":false,"template":"","format":"standard","meta":{"_jetpack_memberships_contains_paid_content":false,"footnotes":""},"categories":[13],"tags":[3369,444],"class_list":["post-42550","post","type-post","status-publish","format-standard","has-post-thumbnail","hentry","category-noticias-nacionales","tag-dia-internacional-de-la-eliminacion-de-la-violencia-contra-la-mujer","tag-ministerio-de-educacion"],"jetpack_featured_media_url":"https:\/\/radiocresatelital.com\/wp-content\/uploads\/2025\/11\/taller-igualdad-1.png","jetpack_sharing_enabled":true,"_links":{"self":[{"href":"https:\/\/radiocresatelital.com\/index.php?rest_route=\/wp\/v2\/posts\/42550","targetHints":{"allow":["GET"]}}],"collection":[{"href":"https:\/\/radiocresatelital.com\/index.php?rest_route=\/wp\/v2\/posts"}],"about":[{"href":"https:\/\/radiocresatelital.com\/index.php?rest_route=\/wp\/v2\/types\/post"}],"author":[{"embeddable":true,"href":"https:\/\/radiocresatelital.com\/index.php?rest_route=\/wp\/v2\/users\/2"}],"replies":[{"embeddable":true,"href":"https:\/\/radiocresatelital.com\/index.php?rest_route=%2Fwp%2Fv2%2Fcomments&post=42550"}],"version-history":[{"count":1,"href":"https:\/\/radiocresatelital.com\/index.php?rest_route=\/wp\/v2\/posts\/42550\/revisions"}],"predecessor-version":[{"id":42552,"href":"https:\/\/radiocresatelital.com\/index.php?rest_route=\/wp\/v2\/posts\/42550\/revisions\/42552"}],"wp:featuredmedia":[{"embeddable":true,"href":"https:\/\/radiocresatelital.com\/index.php?rest_route=\/wp\/v2\/media\/42551"}],"wp:attachment":[{"href":"https:\/\/radiocresatelital.com\/index.php?rest_route=%2Fwp%2Fv2%2Fmedia&parent=42550"}],"wp:term":[{"taxonomy":"category","embeddable":true,"href":"https:\/\/radiocresatelital.com\/index.php?rest_route=%2Fwp%2Fv2%2Fcategories&post=42550"},{"taxonomy":"post_tag","embeddable":true,"href":"https:\/\/radiocresatelital.com\/index.php?rest_route=%2Fwp%2Fv2%2Ftags&post=42550"}],"curies":[{"name":"wp","href":"https:\/\/api.w.org\/{rel}","templated":true}]}}