{"id":42509,"date":"2025-11-25T02:15:44","date_gmt":"2025-11-25T02:15:44","guid":{"rendered":"https:\/\/radiocresatelital.com\/?p=42509"},"modified":"2025-11-25T02:15:44","modified_gmt":"2025-11-25T02:15:44","slug":"hijas-de-fernando-villavicencio-entregan-carta-al-presidente-daniel-noboa-y-llaman-a-un-acuerdo-etico-nacional-contra-la-narcopolitica","status":"publish","type":"post","link":"https:\/\/radiocresatelital.com\/?p=42509","title":{"rendered":"Hijas de Fernando Villavicencio entregan carta al presidente Daniel Noboa y llaman a un acuerdo \u00e9tico nacional contra la narcopol\u00edtica"},"content":{"rendered":"<p data-start=\"252\" data-end=\"566\">Quito.- Amanda y Tamia Villavicencio, hijas del excandidato presidencial Fernando Villavicencio, asesinado el 9 de agosto de 2023 tras salir de un mit\u00edn pol\u00edtico, acudieron la tarde de este lunes 24 de noviembre de 2025 al Palacio de Carondelet para entregar una carta dirigida al presidente Daniel Noboa Az\u00edn.<\/p>\n<p data-start=\"568\" data-end=\"1011\">La misiva fue le\u00edda ante los medios de comunicaci\u00f3n que aguardaban fuera del Palacio de Gobierno. En ella, las hermanas cuestionaron que \u201ccriminales, sentenciados, pr\u00f3fugos y gente vinculada a la mafia pretendan dar clases de moral y \u00e9tica en Ecuador\u201d. Se\u00f1alaron que se trata de los mismos actores que \u201centregaron al pa\u00eds al narcotr\u00e1fico\u201d, e insistieron en que no permitir\u00e1n que ese escenario se repita, porque \u201cla patria merece dignidad\u201d.<\/p>\n<p data-start=\"1013\" data-end=\"1387\">Las hijas del pol\u00edtico asesinado recalcaron que esta no es una lucha partidista, sino una prioridad para la supervivencia del Estado.<br data-start=\"1146\" data-end=\"1149\" \/>\u201cInvitamos al presidente Daniel Noboa a tomar una decisi\u00f3n hist\u00f3rica: encabezar un acuerdo \u00e9tico nacional, un pacto amplio y valiente para depurar al Estado de la narcopol\u00edtica, venga de donde venga y cueste lo que cueste\u201d, se\u00f1alaron.<\/p>\n<p data-start=\"1389\" data-end=\"1639\">En el documento, tambi\u00e9n afirmaron que mientras el asesinato de su padre permanezca en la impunidad, el pa\u00eds no podr\u00e1 sanar. \u201cEste crimen no fue solo un atentado contra un hombre; fue una pu\u00f1alada al coraz\u00f3n del tejido social y pol\u00edtico del Ecuador\u201d.<\/p>\n<p data-start=\"1641\" data-end=\"1970\">En redes sociales, Amanda Villavicencio public\u00f3:<br data-start=\"1689\" data-end=\"1692\" \/>\u201cHoy, en Carondelet, entregamos una carta abierta al presidente Daniel Noboa : mientras el magnicidio de Fernando Villavicencio permanezca impune, Ecuador no podr\u00e1 sanar. Es momento de elegir: la Patria o la Mafia. No estamos cansadas. No tenemos miedo. No retrocederemos\u201d.<\/p>\n","protected":false},"excerpt":{"rendered":"<p>Quito.- Amanda y Tamia Villavicencio, hijas del excandidato presidencial Fernando Villavicencio, asesinado el 9 de agosto de 2023 tras salir de un mit\u00edn pol\u00edtico, acudieron la tarde de este lunes 24 de noviembre de 2025 al Palacio de Carondelet para entregar una carta dirigida al presidente Daniel Noboa Az\u00edn. La misiva fue le\u00edda ante los [&hellip;]<\/p>\n","protected":false},"author":17,"featured_media":42510,"comment_status":"open","ping_status":"closed","sticky":false,"template":"","format":"standard","meta":{"_jetpack_memberships_contains_paid_content":false,"footnotes":""},"categories":[13],"tags":[6799],"class_list":["post-42509","post","type-post","status-publish","format-standard","has-post-thumbnail","hentry","category-noticias-nacionales","tag-fernandovillavicencio-justicia-noalanarcopolitica-ecuador-danielnoboa-seguridad-cartaabierta-carondelet-patriaomafia-impunidadnuncamas"],"jetpack_featured_media_url":"https:\/\/radiocresatelital.com\/wp-content\/uploads\/2025\/11\/daniel_noboa.jpg_559525822-9.webp","jetpack_sharing_enabled":true,"_links":{"self":[{"href":"https:\/\/radiocresatelital.com\/index.php?rest_route=\/wp\/v2\/posts\/42509","targetHints":{"allow":["GET"]}}],"collection":[{"href":"https:\/\/radiocresatelital.com\/index.php?rest_route=\/wp\/v2\/posts"}],"about":[{"href":"https:\/\/radiocresatelital.com\/index.php?rest_route=\/wp\/v2\/types\/post"}],"author":[{"embeddable":true,"href":"https:\/\/radiocresatelital.com\/index.php?rest_route=\/wp\/v2\/users\/17"}],"replies":[{"embeddable":true,"href":"https:\/\/radiocresatelital.com\/index.php?rest_route=%2Fwp%2Fv2%2Fcomments&post=42509"}],"version-history":[{"count":1,"href":"https:\/\/radiocresatelital.com\/index.php?rest_route=\/wp\/v2\/posts\/42509\/revisions"}],"predecessor-version":[{"id":42511,"href":"https:\/\/radiocresatelital.com\/index.php?rest_route=\/wp\/v2\/posts\/42509\/revisions\/42511"}],"wp:featuredmedia":[{"embeddable":true,"href":"https:\/\/radiocresatelital.com\/index.php?rest_route=\/wp\/v2\/media\/42510"}],"wp:attachment":[{"href":"https:\/\/radiocresatelital.com\/index.php?rest_route=%2Fwp%2Fv2%2Fmedia&parent=42509"}],"wp:term":[{"taxonomy":"category","embeddable":true,"href":"https:\/\/radiocresatelital.com\/index.php?rest_route=%2Fwp%2Fv2%2Fcategories&post=42509"},{"taxonomy":"post_tag","embeddable":true,"href":"https:\/\/radiocresatelital.com\/index.php?rest_route=%2Fwp%2Fv2%2Ftags&post=42509"}],"curies":[{"name":"wp","href":"https:\/\/api.w.org\/{rel}","templated":true}]}}