{"id":42501,"date":"2025-11-25T01:47:11","date_gmt":"2025-11-25T01:47:11","guid":{"rendered":"https:\/\/radiocresatelital.com\/?p=42501"},"modified":"2025-11-25T01:47:11","modified_gmt":"2025-11-25T01:47:11","slug":"expertos-alertan-por-dano-auditivo-en-jovenes-por-uso-prolongado-y-volumen-excesivo","status":"publish","type":"post","link":"https:\/\/radiocresatelital.com\/?p=42501","title":{"rendered":"Expertos alertan por da\u00f1o auditivo en j\u00f3venes por uso prolongado y volumen excesivo"},"content":{"rendered":"<p data-start=\"70\" data-end=\"320\">Quito .-La audioprotecista Arianna Araujo explic\u00f3 que, si bien la m\u00fasica es una herramienta poderosa para el bienestar emocional y mental, su consumo irresponsable \u2014especialmente a vol\u00famenes elevados\u2014 puede derivar en da\u00f1os auditivos irreversibles.<\/p>\n<p data-start=\"322\" data-end=\"691\">Seg\u00fan detall\u00f3, la Organizaci\u00f3n Mundial de la Salud (OMS) estima que alrededor de mil millones de j\u00f3venes en todo el mundo est\u00e1n actualmente en riesgo debido a la exposici\u00f3n constante a ruidos fuertes, ya sea por el uso prolongado de aud\u00edfonos, la asistencia frecuente a conciertos, bares, discotecas o la presencia de contaminaci\u00f3n sonora en las ciudades.<\/p>\n<p data-start=\"693\" data-end=\"1042\">Araujo subray\u00f3 que el o\u00eddo humano no est\u00e1 dise\u00f1ado para tolerar niveles altos de sonido de manera continua. Por ello, recomend\u00f3 mantener el volumen de los dispositivos por debajo del 60%, evitar la exposici\u00f3n directa a fuentes de ruido intensas y realizar pausas auditivas de 5 a 10 minutos cada hora para permitir que el o\u00eddo se recupere.<\/p>\n<p data-start=\"1044\" data-end=\"1315\" data-is-last-node=\"\" data-is-only-node=\"\">Adem\u00e1s, enfatiz\u00f3 la importancia de crear conciencia, especialmente entre adolescentes y adultos j\u00f3venes, sobre la necesidad de proteger su salud auditiva desde edades tempranas para evitar p\u00e9rdidas progresivas o tinnitus, afecciones que no siempre tienen tratamiento.<\/p>\n","protected":false},"excerpt":{"rendered":"<p>Quito .-La audioprotecista Arianna Araujo explic\u00f3 que, si bien la m\u00fasica es una herramienta poderosa para el bienestar emocional y mental, su consumo irresponsable \u2014especialmente a vol\u00famenes elevados\u2014 puede derivar en da\u00f1os auditivos irreversibles. Seg\u00fan detall\u00f3, la Organizaci\u00f3n Mundial de la Salud (OMS) estima que alrededor de mil millones de j\u00f3venes en todo el mundo [&hellip;]<\/p>\n","protected":false},"author":17,"featured_media":42502,"comment_status":"open","ping_status":"closed","sticky":false,"template":"","format":"standard","meta":{"_jetpack_memberships_contains_paid_content":false,"footnotes":""},"categories":[13],"tags":[6797],"class_list":["post-42501","post","type-post","status-publish","format-standard","has-post-thumbnail","hentry","category-noticias-nacionales","tag-saludauditiva-prevencion-ruido-oms-cuidadodeloido-bienestar-audifonos-escucharesponsable-ariannaaraujo"],"jetpack_featured_media_url":"https:\/\/radiocresatelital.com\/wp-content\/uploads\/2025\/11\/568437186_1136814045321529_2937016269055006012_n.jpg","jetpack_sharing_enabled":true,"_links":{"self":[{"href":"https:\/\/radiocresatelital.com\/index.php?rest_route=\/wp\/v2\/posts\/42501","targetHints":{"allow":["GET"]}}],"collection":[{"href":"https:\/\/radiocresatelital.com\/index.php?rest_route=\/wp\/v2\/posts"}],"about":[{"href":"https:\/\/radiocresatelital.com\/index.php?rest_route=\/wp\/v2\/types\/post"}],"author":[{"embeddable":true,"href":"https:\/\/radiocresatelital.com\/index.php?rest_route=\/wp\/v2\/users\/17"}],"replies":[{"embeddable":true,"href":"https:\/\/radiocresatelital.com\/index.php?rest_route=%2Fwp%2Fv2%2Fcomments&post=42501"}],"version-history":[{"count":1,"href":"https:\/\/radiocresatelital.com\/index.php?rest_route=\/wp\/v2\/posts\/42501\/revisions"}],"predecessor-version":[{"id":42503,"href":"https:\/\/radiocresatelital.com\/index.php?rest_route=\/wp\/v2\/posts\/42501\/revisions\/42503"}],"wp:featuredmedia":[{"embeddable":true,"href":"https:\/\/radiocresatelital.com\/index.php?rest_route=\/wp\/v2\/media\/42502"}],"wp:attachment":[{"href":"https:\/\/radiocresatelital.com\/index.php?rest_route=%2Fwp%2Fv2%2Fmedia&parent=42501"}],"wp:term":[{"taxonomy":"category","embeddable":true,"href":"https:\/\/radiocresatelital.com\/index.php?rest_route=%2Fwp%2Fv2%2Fcategories&post=42501"},{"taxonomy":"post_tag","embeddable":true,"href":"https:\/\/radiocresatelital.com\/index.php?rest_route=%2Fwp%2Fv2%2Ftags&post=42501"}],"curies":[{"name":"wp","href":"https:\/\/api.w.org\/{rel}","templated":true}]}}