{"id":42498,"date":"2025-11-24T23:35:03","date_gmt":"2025-11-24T23:35:03","guid":{"rendered":"https:\/\/radiocresatelital.com\/?p=42498"},"modified":"2025-11-24T23:35:03","modified_gmt":"2025-11-24T23:35:03","slug":"coque-y-gutierrez-otorgan-triunfos-al-movistar-best-pc","status":"publish","type":"post","link":"https:\/\/radiocresatelital.com\/?p=42498","title":{"rendered":"Coque y Guti\u00e9rrez otorgan triunfos al Movistar Best PC"},"content":{"rendered":"<p>Quito.- Los ciclistas del <strong>Movistar Best PC <\/strong>Anthony Coque y Carlos Guti\u00e9rrez otorgaron nuevos triunfos al \u00fanico equipo continental ecuatoriano durante este fin de semana en pruebas desarrolladas en Ecuador y Colombia.<\/p>\n<p>El primero en levantar los brazos fue Coque, quien se consagr\u00f3 campe\u00f3n de la categor\u00eda juvenil de la segunda edici\u00f3n de la Gran Vuelta Ibarra 2025. La cual tuvo un recorrido de tres etapas, empezando desde el viernes.<\/p>\n<p>\u201cMe queda un balance superpositivo porque ven\u00eda prepar\u00e1ndome mucho para esta competencia y ahora cosecho los resultados\u201d, mencion\u00f3 el ciclista de 18 a\u00f1os y que para la pr\u00f3xima temporada ser\u00e1 ascendido al equipo sub 23 del <strong>Movistar Best PC.<\/strong><\/p>\n<p>Cabe destacar el buen rendimiento de otro de los ciclistas Telef\u00f3nicos: Richard Huera, quien se qued\u00f3 con el subcampeonato de la Vuelta a Ibarra en la categor\u00eda \u00e9lite.<\/p>\n<p>Por su parte, el colombiano Guti\u00e9rrez se qued\u00f3 con el primer lugar de la competencia denominada Pedaleando por un Sue\u00f1o, que se cumpli\u00f3 en el municipio de Funza, Cundinamarca (Colombia), 45 kil\u00f3metros de ciclismo de monta\u00f1a.<\/p>\n<p>Tras la victoria, Carlos analiz\u00f3 la carrera. \u201cFue un evento organizado por la gobernaci\u00f3n de Cundinamarca en favor de los ni\u00f1os con enfermedades y hu\u00e9rfanos. M\u00e1s que una competencia, era un evento en apoyo a ellos. Feliz de contribuir con ellos y de pasar un fin de semana de buen ciclomonta\u00f1ismo\u201d, afirm\u00f3.<\/p>\n<p>Ahora los corredores del <strong>Movistar Best PC <\/strong>fijan la preparaci\u00f3n para llegar de la mejor manera a la edici\u00f3n 59 de la Vuelta a Costa Rica, que tendr\u00e1 lugar del 12 al 21 de diciembre, con 10 etapas y un recorrido total de 1.251 kil\u00f3metros.<\/p>\n","protected":false},"excerpt":{"rendered":"<p>Quito.- Los ciclistas del Movistar Best PC Anthony Coque y Carlos Guti\u00e9rrez otorgaron nuevos triunfos al \u00fanico equipo continental ecuatoriano durante este fin de semana en pruebas desarrolladas en Ecuador y Colombia. El primero en levantar los brazos fue Coque, quien se consagr\u00f3 campe\u00f3n de la categor\u00eda juvenil de la segunda edici\u00f3n de la Gran [&hellip;]<\/p>\n","protected":false},"author":2,"featured_media":42499,"comment_status":"open","ping_status":"closed","sticky":false,"template":"","format":"standard","meta":{"_jetpack_memberships_contains_paid_content":false,"footnotes":""},"categories":[120,9],"tags":[1029],"class_list":["post-42498","post","type-post","status-publish","format-standard","has-post-thumbnail","hentry","category-ciclismo","category-deportes","tag-movistar-best-pc"],"jetpack_featured_media_url":"https:\/\/radiocresatelital.com\/wp-content\/uploads\/2025\/11\/WhatsApp-Image-2025-11-24-at-17.25.00.jpeg","jetpack_sharing_enabled":true,"_links":{"self":[{"href":"https:\/\/radiocresatelital.com\/index.php?rest_route=\/wp\/v2\/posts\/42498","targetHints":{"allow":["GET"]}}],"collection":[{"href":"https:\/\/radiocresatelital.com\/index.php?rest_route=\/wp\/v2\/posts"}],"about":[{"href":"https:\/\/radiocresatelital.com\/index.php?rest_route=\/wp\/v2\/types\/post"}],"author":[{"embeddable":true,"href":"https:\/\/radiocresatelital.com\/index.php?rest_route=\/wp\/v2\/users\/2"}],"replies":[{"embeddable":true,"href":"https:\/\/radiocresatelital.com\/index.php?rest_route=%2Fwp%2Fv2%2Fcomments&post=42498"}],"version-history":[{"count":1,"href":"https:\/\/radiocresatelital.com\/index.php?rest_route=\/wp\/v2\/posts\/42498\/revisions"}],"predecessor-version":[{"id":42500,"href":"https:\/\/radiocresatelital.com\/index.php?rest_route=\/wp\/v2\/posts\/42498\/revisions\/42500"}],"wp:featuredmedia":[{"embeddable":true,"href":"https:\/\/radiocresatelital.com\/index.php?rest_route=\/wp\/v2\/media\/42499"}],"wp:attachment":[{"href":"https:\/\/radiocresatelital.com\/index.php?rest_route=%2Fwp%2Fv2%2Fmedia&parent=42498"}],"wp:term":[{"taxonomy":"category","embeddable":true,"href":"https:\/\/radiocresatelital.com\/index.php?rest_route=%2Fwp%2Fv2%2Fcategories&post=42498"},{"taxonomy":"post_tag","embeddable":true,"href":"https:\/\/radiocresatelital.com\/index.php?rest_route=%2Fwp%2Fv2%2Ftags&post=42498"}],"curies":[{"name":"wp","href":"https:\/\/api.w.org\/{rel}","templated":true}]}}