{"id":42453,"date":"2025-11-24T21:13:23","date_gmt":"2025-11-24T21:13:23","guid":{"rendered":"https:\/\/radiocresatelital.com\/?p=42453"},"modified":"2025-11-24T21:13:34","modified_gmt":"2025-11-24T21:13:34","slug":"prefecta-marcela-aguinaga-firma-convenio-para-fortalecer-la-conectividad-entre-guayas-y-azuay-con-la-construccion-de-puente-vehicular-en-tenguel-y-financiamiento-caf-de-15-millones","status":"publish","type":"post","link":"https:\/\/radiocresatelital.com\/?p=42453","title":{"rendered":"Prefecta Marcela Agui\u00f1aga firma convenio para fortalecer la conectividad entre Guayas y Azuay, con la construcci\u00f3n de puente vehicular en Tenguel y financiamiento CAF de $1,5 millones"},"content":{"rendered":"<p><span style=\"font-weight: 400;\">Guayaquil.- La Prefecta Marcela Agui\u00f1aga, cumpli\u00f3 este lunes una importante agenda en la provincia del Azuay, centrada en fortalecer la seguridad ciudadana y la integraci\u00f3n vial entre ambas jurisdicciones. La jornada incluy\u00f3 la firma del Convenio Tripartito entre el Gobierno Provincial del Guayas, la Prefectura del Azuay y el GAD municipal de Camilo Ponce Enr\u00edquez, para la construcci\u00f3n de un puente vehicular de 40 metros sobre el r\u00edo Ferm\u00edn, en la parroquia Tenguel, financiado con un pr\u00e9stamo de la CAF por $1,5 millones. Adem\u00e1s, se incluye la rehabilitaci\u00f3n de 0,8 km de v\u00eda de acceso, con participaci\u00f3n de las tres instituciones.<\/span><\/p>\n<p><span style=\"font-weight: 400;\">\u00a0\u201cEste es un convenio hist\u00f3rico, en una zona abandonada en inversi\u00f3n por much\u00edsimo tiempo y, sin duda alguna, sumar\u00e1 a la conectividad entre estos dos sectores. Mientras yo sea Prefecta del Guayas, vamos a seguir integrando, construyendo y protegiendo a la gente. Que para eso nos eligieron, no para la bronca ni el conflicto, vamos a seguir liderando con hechos, con visi\u00f3n y con resultados porque m\u00e1s all\u00e1 de cualquier diferencia, a la gente lo que le importa es la obra y no que hablen de la revancha de los pol\u00edticos\u201d, se\u00f1al\u00f3 Agui\u00f1aga en su intervenci\u00f3n.<\/span><\/p>\n<p><span style=\"font-weight: 400;\">La nueva estructura tendr\u00e1 40 metros de longitud, una calzada de 6 metros, espaldones laterales, se\u00f1alizaci\u00f3n completa y alumbrado LED. Incluye protecci\u00f3n hidr\u00e1ulica para garantizar estabilidad y durabilidad. Ser\u00e1 una soluci\u00f3n vial en una zona considerada de alto flujo, en el centro de Ponce Enr\u00edquez, beneficiando directamente a m\u00e1s de 10.000 personas e indirectamente a m\u00e1s de 25.000 conductores.\u00a0\u00a0<\/span><\/p>\n<p><span style=\"font-weight: 400;\">La obra tambi\u00e9n dinamizar\u00e1 la productividad y el turismo entre Azuay y Guayas. El prefecto Juan Crist\u00f3bal Lloret resalt\u00f3 la unidad y el trabajo articulado para concretar proyectos de integraci\u00f3n regional. \u201cDebo reconocer la voluntad de la compa\u00f1era Marcela Agui\u00f1aga para poder unirnos entre Guayas y Azuay. Antes se peleaban por ver qui\u00e9n hac\u00eda el muro m\u00e1s alto para dividirnos y hoy hemos roto los muros. Antes el tema de Guayas y Azuay era la disputa y hoy es un amplio sentido de unidad, Marcela\u201d, sentenci\u00f3.<\/span><\/p>\n<p><span style=\"font-weight: 400;\">Como parte de esta jornada, la prefecta Agui\u00f1aga particip\u00f3 como invitada en la entrega del renovado UPC Tamarindo y los 5 Portales de Seguridad, gestionados por el Gobierno Provincial del Azuay para potenciar las acciones de control y vigilancia, en el corredor vial Guayaquil-Cuenca. Esta labor se complementa con el Sistema de Monitoreo Vial con Inteligencia Artificial, implementado por la Instituci\u00f3n Guayasense con la instalaci\u00f3n de puntos de Control, operativos y Patrullas de Camino.\u00a0<\/span><\/p>\n","protected":false},"excerpt":{"rendered":"<p>Guayaquil.- La Prefecta Marcela Agui\u00f1aga, cumpli\u00f3 este lunes una importante agenda en la provincia del Azuay, centrada en fortalecer la seguridad ciudadana y la integraci\u00f3n vial entre ambas jurisdicciones. La jornada incluy\u00f3 la firma del Convenio Tripartito entre el Gobierno Provincial del Guayas, la Prefectura del Azuay y el GAD municipal de Camilo Ponce Enr\u00edquez, [&hellip;]<\/p>\n","protected":false},"author":2,"featured_media":42454,"comment_status":"open","ping_status":"closed","sticky":false,"template":"","format":"standard","meta":{"_jetpack_memberships_contains_paid_content":false,"footnotes":""},"categories":[13],"tags":[6787,2699,6788],"class_list":["post-42453","post","type-post","status-publish","format-standard","has-post-thumbnail","hentry","category-noticias-nacionales","tag-convenio-tripartito-entre-el-gobierno-provincial-del-guayas","tag-prefecta-marcela-aguinaga","tag-prefectura-del-azuay"],"jetpack_featured_media_url":"https:\/\/radiocresatelital.com\/wp-content\/uploads\/2025\/11\/WhatsApp-Image-2025-11-24-at-15.42.01-2-scaled.jpeg","jetpack_sharing_enabled":true,"_links":{"self":[{"href":"https:\/\/radiocresatelital.com\/index.php?rest_route=\/wp\/v2\/posts\/42453","targetHints":{"allow":["GET"]}}],"collection":[{"href":"https:\/\/radiocresatelital.com\/index.php?rest_route=\/wp\/v2\/posts"}],"about":[{"href":"https:\/\/radiocresatelital.com\/index.php?rest_route=\/wp\/v2\/types\/post"}],"author":[{"embeddable":true,"href":"https:\/\/radiocresatelital.com\/index.php?rest_route=\/wp\/v2\/users\/2"}],"replies":[{"embeddable":true,"href":"https:\/\/radiocresatelital.com\/index.php?rest_route=%2Fwp%2Fv2%2Fcomments&post=42453"}],"version-history":[{"count":1,"href":"https:\/\/radiocresatelital.com\/index.php?rest_route=\/wp\/v2\/posts\/42453\/revisions"}],"predecessor-version":[{"id":42455,"href":"https:\/\/radiocresatelital.com\/index.php?rest_route=\/wp\/v2\/posts\/42453\/revisions\/42455"}],"wp:featuredmedia":[{"embeddable":true,"href":"https:\/\/radiocresatelital.com\/index.php?rest_route=\/wp\/v2\/media\/42454"}],"wp:attachment":[{"href":"https:\/\/radiocresatelital.com\/index.php?rest_route=%2Fwp%2Fv2%2Fmedia&parent=42453"}],"wp:term":[{"taxonomy":"category","embeddable":true,"href":"https:\/\/radiocresatelital.com\/index.php?rest_route=%2Fwp%2Fv2%2Fcategories&post=42453"},{"taxonomy":"post_tag","embeddable":true,"href":"https:\/\/radiocresatelital.com\/index.php?rest_route=%2Fwp%2Fv2%2Ftags&post=42453"}],"curies":[{"name":"wp","href":"https:\/\/api.w.org\/{rel}","templated":true}]}}