{"id":42427,"date":"2025-11-24T20:32:48","date_gmt":"2025-11-24T20:32:48","guid":{"rendered":"https:\/\/radiocresatelital.com\/?p=42427"},"modified":"2025-11-24T20:32:48","modified_gmt":"2025-11-24T20:32:48","slug":"obra-de-ampliacion-integral-a-4-carriles-de-la-via-concesionada-la-aurora-t-de-las-maravillas-con-una-inversion-de-mas-de-19-millones-sera-inaugurada-por-la-prefecta-marcel","status":"publish","type":"post","link":"https:\/\/radiocresatelital.com\/?p=42427","title":{"rendered":"Obra de ampliaci\u00f3n integral a 4 carriles de la v\u00eda concesionada                          La Aurora-T de Las Maravillas, con una inversi\u00f3n de m\u00e1s de $19 millones, ser\u00e1 inaugurada por la Prefecta Marcela Agui\u00f1aga"},"content":{"rendered":"<p><span style=\"font-weight: 400;\">Guayaquil.- Este martes, a las 15h00 locales (20h00 GMT), se marca un nuevo hito en la conectividad y movilidad de la provincia y el pa\u00eds, con la inauguraci\u00f3n de la ampliaci\u00f3n a 4 carriles de la v\u00eda concesionada La Aurora-T de Las Maravillas, por parte de la prefecta Marcela Agui\u00f1aga y su equipo t\u00e9cnico de trabajo.<\/span><\/p>\n<p><span style=\"font-weight: 400;\">Esta obra, cuya inversi\u00f3n supera los USD 19 millones, consisti\u00f3 en una intervenci\u00f3n integral en una extensi\u00f3n de 6 kil\u00f3metros para garantizar una movilidad m\u00e1s segura, eficiente y acorde al crecimiento poblacional de la zona. Beneficia de manera directa a m\u00e1s de 200.000 personas que circulan diariamente entre los cantones Samborond\u00f3n, Guayaquil, Daule, Nobol, Palestina, Santa Luc\u00eda y Salitre, convirti\u00e9ndose en un corredor vital para el desarrollo productivo, educativo y comercial.\u00a0<\/span><\/p>\n<p><span style=\"font-weight: 400;\">Como parte de la ampliaci\u00f3n se transform\u00f3 la v\u00eda existente de 2 a 4 carriles, mediante una labor t\u00e9cnica que tom\u00f3 aproximadamente 18 meses. La v\u00eda concesionada cuenta con iluminaci\u00f3n y se\u00f1alizaci\u00f3n al 100%, garantizando condiciones \u00f3ptimas de seguridad para la circulaci\u00f3n nocturna de conductores y peatones.<\/span><\/p>\n<p><span style=\"font-weight: 400;\">Seis paraderos de bus fueron ubicados estrat\u00e9gicamente para mejorar el acceso al transporte p\u00fablico, permitiendo ordenar y optimizar las operaciones, al reducir maniobras peligrosas de ascenso y descenso en la v\u00eda principal. De esta forma, se facilitar\u00e1 la movilidad de los usuarios, especialmente estudiantes y trabajadores.<\/span><\/p>\n","protected":false},"excerpt":{"rendered":"<p>Guayaquil.- Este martes, a las 15h00 locales (20h00 GMT), se marca un nuevo hito en la conectividad y movilidad de la provincia y el pa\u00eds, con la inauguraci\u00f3n de la ampliaci\u00f3n a 4 carriles de la v\u00eda concesionada La Aurora-T de Las Maravillas, por parte de la prefecta Marcela Agui\u00f1aga y su equipo t\u00e9cnico de [&hellip;]<\/p>\n","protected":false},"author":2,"featured_media":42428,"comment_status":"open","ping_status":"closed","sticky":false,"template":"","format":"standard","meta":{"_jetpack_memberships_contains_paid_content":false,"footnotes":""},"categories":[13],"tags":[2699,415],"class_list":["post-42427","post","type-post","status-publish","format-standard","has-post-thumbnail","hentry","category-noticias-nacionales","tag-prefecta-marcela-aguinaga","tag-prefectura-ciudadana-del-guayas"],"jetpack_featured_media_url":"https:\/\/radiocresatelital.com\/wp-content\/uploads\/2025\/11\/DSC_0528-1.jpg","jetpack_sharing_enabled":true,"_links":{"self":[{"href":"https:\/\/radiocresatelital.com\/index.php?rest_route=\/wp\/v2\/posts\/42427","targetHints":{"allow":["GET"]}}],"collection":[{"href":"https:\/\/radiocresatelital.com\/index.php?rest_route=\/wp\/v2\/posts"}],"about":[{"href":"https:\/\/radiocresatelital.com\/index.php?rest_route=\/wp\/v2\/types\/post"}],"author":[{"embeddable":true,"href":"https:\/\/radiocresatelital.com\/index.php?rest_route=\/wp\/v2\/users\/2"}],"replies":[{"embeddable":true,"href":"https:\/\/radiocresatelital.com\/index.php?rest_route=%2Fwp%2Fv2%2Fcomments&post=42427"}],"version-history":[{"count":1,"href":"https:\/\/radiocresatelital.com\/index.php?rest_route=\/wp\/v2\/posts\/42427\/revisions"}],"predecessor-version":[{"id":42429,"href":"https:\/\/radiocresatelital.com\/index.php?rest_route=\/wp\/v2\/posts\/42427\/revisions\/42429"}],"wp:featuredmedia":[{"embeddable":true,"href":"https:\/\/radiocresatelital.com\/index.php?rest_route=\/wp\/v2\/media\/42428"}],"wp:attachment":[{"href":"https:\/\/radiocresatelital.com\/index.php?rest_route=%2Fwp%2Fv2%2Fmedia&parent=42427"}],"wp:term":[{"taxonomy":"category","embeddable":true,"href":"https:\/\/radiocresatelital.com\/index.php?rest_route=%2Fwp%2Fv2%2Fcategories&post=42427"},{"taxonomy":"post_tag","embeddable":true,"href":"https:\/\/radiocresatelital.com\/index.php?rest_route=%2Fwp%2Fv2%2Ftags&post=42427"}],"curies":[{"name":"wp","href":"https:\/\/api.w.org\/{rel}","templated":true}]}}