{"id":42409,"date":"2025-11-24T19:39:01","date_gmt":"2025-11-24T19:39:01","guid":{"rendered":"https:\/\/radiocresatelital.com\/?p=42409"},"modified":"2025-11-24T19:39:01","modified_gmt":"2025-11-24T19:39:01","slug":"vicepresidencia-del-ecuador-y-unfpa-fortalecen-acciones-para-prevenir-el-embarazo-adolescente","status":"publish","type":"post","link":"https:\/\/radiocresatelital.com\/?p=42409","title":{"rendered":"Vicepresidencia del Ecuador y UNFPA fortalecen acciones para prevenir el embarazo adolescente"},"content":{"rendered":"<p>Quito.- La Vicepresidencia de la Rep\u00fablica del Ecuador y el Fondo de Poblaci\u00f3n de las Naciones Unidas (UNFPA) formalizaron la firma de un Memorando de Entendimiento que consolida una alianza estrat\u00e9gica para fortalecer la Pol\u00edtica Intersectorial para el Abordaje Integral del Embarazo en Adolescentes 2026\u20132035.<\/p>\n<p>Este acuerdo permitir\u00e1 articular el trabajo entre instituciones del Estado, incorporar est\u00e1ndares internacionales en salud sexual y reproductiva y desarrollar modelos de intervenci\u00f3n basados en evidencia, con el objetivo de garantizar mejores oportunidades para las ni\u00f1as y adolescentes del pa\u00eds.<\/p>\n<p>\u201cPara m\u00ed la prioridad es el pa\u00eds que le vamos a dejar a nuestros hijos, a las nuevas generaciones, por eso trabajamos en que m\u00e1s adolescentes tengan un futuro con oportunidades\u201d<\/p>\n<p>La segunda mandataria, Mar\u00eda Jos\u00e9 Pinto, agradeci\u00f3 la cooperaci\u00f3n de UNFPA y destac\u00f3 que en el pa\u00eds existen las estrategias pero que necesitan estos impulsos. \u201cPara m\u00ed la prioridad es el pa\u00eds que le vamos a dejar a nuestros hijos, a las nuevas generaciones, por eso trabajamos en que m\u00e1s adolescentes tengan un futuro con oportunidades\u201d,\u00a0agreg\u00f3.<\/p>\n<p>Por su parte, Markus Behrend, representante de UNFPA para Ecuador, aclar\u00f3 que este memorando garantiza el apoyo mutuo en beneficio de los adolescentes ecuatorianos y agradeci\u00f3 el trabajo de la vicepresidenta.\u00a0\u201cHay retos por los que trabajar, pero hay que seguir peleando a\u00f1o a a\u00f1o, es un placer seguir cooperando con el Gobierno ecuatoriano y estamos buscando vincular a que m\u00e1s actores se sumen\u201d<\/p>\n<p>A trav\u00e9s de este Memorando, se establecen l\u00edneas de cooperaci\u00f3n t\u00e9cnica orientadas a:<\/p>\n<ul>\n<li>Ampliar el acceso a informaci\u00f3n oportuna y de calidad.<\/li>\n<li>Fortalecer capacidades institucionales y territoriales.<\/li>\n<li>Mejorar los servicios y la respuesta estatal dirigidos a adolescentes.<\/li>\n<li>Impulsar pol\u00edticas p\u00fablicas integrales que aseguren el pleno ejercicio de sus derechos.<\/li>\n<\/ul>\n<p>Lizette Ponce, Representante auxiliar en UNFPA, resalt\u00f3 que la firma de este acuerdo es de los pasos m\u00e1s importantes para prevenir el embarazo en adolescentes. \u201cEl gran reto es escalar los esfuerzos y no quedarnos en el camino. El embarazo adolescente no solo marca la vida de una joven, tambi\u00e9n afecta de manera directa la productividad y el desarrollo del pa\u00eds\u201d\u00a0y revel\u00f3 que\u00a0\u201cuna adolescente que es madre tiene 8 veces menos oportunidades de acabar el Colegio\u201d.<\/p>\n<p>Con esta alianza, la Vicepresidencia de la Rep\u00fablica y el UNFPA, en coherencia con las prioridades del Gobierno del presidente Daniel Noboa, fortalecen el compromiso del pa\u00eds con la prevenci\u00f3n del embarazo adolescente, impulsando pol\u00edticas y modelos de intervenci\u00f3n intersectoriales, sostenibles y basados en evidencia.<\/p>\n","protected":false},"excerpt":{"rendered":"<p>Quito.- La Vicepresidencia de la Rep\u00fablica del Ecuador y el Fondo de Poblaci\u00f3n de las Naciones Unidas (UNFPA) formalizaron la firma de un Memorando de Entendimiento que consolida una alianza estrat\u00e9gica para fortalecer la Pol\u00edtica Intersectorial para el Abordaje Integral del Embarazo en Adolescentes 2026\u20132035. Este acuerdo permitir\u00e1 articular el trabajo entre instituciones del Estado, [&hellip;]<\/p>\n","protected":false},"author":2,"featured_media":42410,"comment_status":"open","ping_status":"closed","sticky":false,"template":"","format":"standard","meta":{"_jetpack_memberships_contains_paid_content":false,"footnotes":""},"categories":[13],"tags":[3272,6783,6782],"class_list":["post-42409","post","type-post","status-publish","format-standard","has-post-thumbnail","hentry","category-noticias-nacionales","tag-fondo-de-poblacion-de-las-naciones-unidas","tag-politica-intersectorial-para-el-abordaje-integral-del-embarazo-en-adolescentes-2026-2035","tag-vicepresidencia-de-la-republica-del-ecuador"],"jetpack_featured_media_url":"https:\/\/radiocresatelital.com\/wp-content\/uploads\/2025\/11\/IMG_8483_1-1536x1152-1.jpg","jetpack_sharing_enabled":true,"_links":{"self":[{"href":"https:\/\/radiocresatelital.com\/index.php?rest_route=\/wp\/v2\/posts\/42409","targetHints":{"allow":["GET"]}}],"collection":[{"href":"https:\/\/radiocresatelital.com\/index.php?rest_route=\/wp\/v2\/posts"}],"about":[{"href":"https:\/\/radiocresatelital.com\/index.php?rest_route=\/wp\/v2\/types\/post"}],"author":[{"embeddable":true,"href":"https:\/\/radiocresatelital.com\/index.php?rest_route=\/wp\/v2\/users\/2"}],"replies":[{"embeddable":true,"href":"https:\/\/radiocresatelital.com\/index.php?rest_route=%2Fwp%2Fv2%2Fcomments&post=42409"}],"version-history":[{"count":1,"href":"https:\/\/radiocresatelital.com\/index.php?rest_route=\/wp\/v2\/posts\/42409\/revisions"}],"predecessor-version":[{"id":42411,"href":"https:\/\/radiocresatelital.com\/index.php?rest_route=\/wp\/v2\/posts\/42409\/revisions\/42411"}],"wp:featuredmedia":[{"embeddable":true,"href":"https:\/\/radiocresatelital.com\/index.php?rest_route=\/wp\/v2\/media\/42410"}],"wp:attachment":[{"href":"https:\/\/radiocresatelital.com\/index.php?rest_route=%2Fwp%2Fv2%2Fmedia&parent=42409"}],"wp:term":[{"taxonomy":"category","embeddable":true,"href":"https:\/\/radiocresatelital.com\/index.php?rest_route=%2Fwp%2Fv2%2Fcategories&post=42409"},{"taxonomy":"post_tag","embeddable":true,"href":"https:\/\/radiocresatelital.com\/index.php?rest_route=%2Fwp%2Fv2%2Ftags&post=42409"}],"curies":[{"name":"wp","href":"https:\/\/api.w.org\/{rel}","templated":true}]}}