{"id":4234,"date":"2023-09-14T21:11:56","date_gmt":"2023-09-14T21:11:56","guid":{"rendered":"https:\/\/radiocresatelital.com\/?p=4234"},"modified":"2023-09-14T21:11:56","modified_gmt":"2023-09-14T21:11:56","slug":"luis-enrique-aspira-que-kylian-mbappe-se-encuentre-lista-para-el-regreso-con-psg","status":"publish","type":"post","link":"https:\/\/radiocresatelital.com\/?p=4234","title":{"rendered":"Luis Enrique aspira que Kylian Mbapp\u00e9 se encuentre lista para el regreso con PSG"},"content":{"rendered":"<p class=\"text__text__1FZLe text__dark-grey__3Ml43 text__regular__2N1Xr text__small__1kGq2 body__full_width__ekUdw body__small_body__2vQyf article-body__paragraph__2-BtD\" data-testid=\"paragraph-0\">Par\u00eds.- Kylian Mbapp\u00e9 actual delantero del PSG, podr\u00eda estar disponible para enfrentar al Niza en la Ligue 1 despu\u00e9s de perderse un amistoso contra Alemania a principios de esta semana, dijo Luis Enrique.<\/p>\n<p class=\"text__text__1FZLe text__dark-grey__3Ml43 text__regular__2N1Xr text__small__1kGq2 body__full_width__ekUdw body__small_body__2vQyf article-body__paragraph__2-BtD\" data-testid=\"paragraph-1\">El PSG se embarca en una serie de partidos desafiantes porque despu\u00e9s de enfrentarse al Niza, se enfrentar\u00e1 al Borussia Dortmund en la Liga de Campeones el martes y luego recibir\u00e1 al Olympique de Marsella en la liga el pr\u00f3ximo fin de semana.<\/p>\n<div class=\"article-body__element__2p5pI\">\n<div class=\"spacing-container__container__2g5QT spacing-container__t-spacing-single-three-quarters__2_moJ spacing-container__b-spacing-single-three-quarters__1fuBK spacing-container__max-width__zScFd\" data-testid=\"ResponsiveAdSlot\">\n<div class=\"ad-slot__container__FEnoz ad-slot__fixed-height__6m70D\">\n<div class=\"ad-slot__inner__2u45U\">\n<div>Mbapp\u00e9 fue suplente no utilizado cuando Francia perdi\u00f3\u00a02-1 en Alemania el martes y el t\u00e9cnico franc\u00e9s Didier Deschamps dijo despu\u00e9s del partido que el delantero hab\u00eda sufrido un problema en la rodilla el d\u00eda anterior durante el entrenamiento.<\/div>\n<\/div>\n<\/div>\n<\/div>\n<\/div>\n<p class=\"text__text__1FZLe text__dark-grey__3Ml43 text__regular__2N1Xr text__small__1kGq2 body__full_width__ekUdw body__small_body__2vQyf article-body__paragraph__2-BtD\" data-testid=\"paragraph-3\">\u00abMa\u00f1ana le analizaremos para saber qu\u00e9 pasa\u00bb, dijo Luis Enrique este jueves en rueda de prensa.<\/p>\n<p class=\"text__text__1FZLe text__dark-grey__3Ml43 text__regular__2N1Xr text__small__1kGq2 body__full_width__ekUdw body__small_body__2vQyf article-body__paragraph__2-BtD\" data-testid=\"paragraph-4\">\u00abS\u00ed, se vio afectado esta semana. Hablaremos ma\u00f1ana para saber si estar\u00e1 listo (para Niza). Pero creo que lo estar\u00e1\u00bb.<\/p>\n<p class=\"text__text__1FZLe text__dark-grey__3Ml43 text__regular__2N1Xr text__small__1kGq2 body__full_width__ekUdw body__small_body__2vQyf article-body__paragraph__2-BtD\" data-testid=\"paragraph-5\">El t\u00e9cnico espa\u00f1ol afirm\u00f3 que fue complicado preparar el partido tras el par\u00f3n de selecciones ya que algunos jugadores a\u00fan no han conseguido volver a entrenar.<\/p>\n<p class=\"text__text__1FZLe text__dark-grey__3Ml43 text__regular__2N1Xr text__small__1kGq2 body__full_width__ekUdw body__small_body__2vQyf article-body__paragraph__2-BtD\" data-testid=\"paragraph-6\">\u00abHoy tuvimos la llegada de (el mediocampista Manuel) Ugarte y (el defensa) Marquinhos. Sin embargo, llevamos dos meses trabajando juntos, por lo que ya conocen las instrucciones\u00bb, dijo Luis Enrique.<\/p>\n<p class=\"text__text__1FZLe text__dark-grey__3Ml43 text__regular__2N1Xr text__small__1kGq2 body__full_width__ekUdw body__small_body__2vQyf article-body__paragraph__2-BtD\" data-testid=\"paragraph-7\">\u00abEl Niza es un equipo muy trabajador, con un entrenador joven pero con experiencia. Toman muchos riesgos. No especulan sobre el resultado, pero son valientes y audaces con y sin bal\u00f3n\u00bb.<\/p>\n<div class=\"article-body__element__2p5pI\">\n<div class=\"spacing-container__container__2g5QT spacing-container__t-spacing-single-three-quarters__2_moJ spacing-container__b-spacing-single-three-quarters__1fuBK spacing-container__max-width__zScFd\" data-testid=\"ResponsiveAdSlot\">\n<div class=\"ad-slot__container__FEnoz ad-slot__fixed-height__6m70D\">\n<div class=\"ad-slot__inner__2u45U\">\n<div>El viernes se rendir\u00e1 homenaje al ex centrocampista del PSG Marco Verratti en el Parque de los Pr\u00edncipes, despu\u00e9s de que el jugador de 30 a\u00f1os firmara el mi\u00e9rcoles con el Al-Arabi qatar\u00ed\u00a0tras 11 a\u00f1os en el club parisino.<\/div>\n<\/div>\n<\/div>\n<\/div>\n<\/div>\n<p class=\"text__text__1FZLe text__dark-grey__3Ml43 text__regular__2N1Xr text__small__1kGq2 body__full_width__ekUdw body__small_body__2vQyf article-body__paragraph__2-BtD\" data-testid=\"paragraph-9\">\u00abVerratti estar\u00e1 all\u00ed antes del partido de ma\u00f1ana, ser\u00e1 una oportunidad para rendirle homenaje. Ser\u00e1 especial, para \u00e9l y para su familia\u00bb.<\/p>\n<p class=\"text__text__1FZLe text__dark-grey__3Ml43 text__regular__2N1Xr text__small__1kGq2 body__full_width__ekUdw body__small_body__2vQyf article-body__paragraph__2-BtD\" data-testid=\"paragraph-10\">El PSG es segundo en la Ligue 1 con ocho puntos en cuatro partidos, dos puntos detr\u00e1s del l\u00edder AS Monaco y empatado con el tercer clasificado, el Marsella.<\/p>\n","protected":false},"excerpt":{"rendered":"<p>Par\u00eds.- Kylian Mbapp\u00e9 actual delantero del PSG, podr\u00eda estar disponible para enfrentar al Niza en la Ligue 1 despu\u00e9s de perderse un amistoso contra Alemania a principios de esta semana, dijo Luis Enrique. El PSG se embarca en una serie de partidos desafiantes porque despu\u00e9s de enfrentarse al Niza, se enfrentar\u00e1 al Borussia Dortmund en [&hellip;]<\/p>\n","protected":false},"author":2,"featured_media":4235,"comment_status":"open","ping_status":"closed","sticky":false,"template":"","format":"standard","meta":{"_jetpack_memberships_contains_paid_content":false,"footnotes":""},"categories":[7],"tags":[354],"class_list":["post-4234","post","type-post","status-publish","format-standard","has-post-thumbnail","hentry","category-futbol-internacional","tag-kylian-mbappe"],"jetpack_featured_media_url":"https:\/\/radiocresatelital.com\/wp-content\/uploads\/2023\/09\/242b4aee-016a-4ae4-afe7-3f451199e024_alta-libre-aspect-ratio_default_0.jpg","jetpack_sharing_enabled":true,"_links":{"self":[{"href":"https:\/\/radiocresatelital.com\/index.php?rest_route=\/wp\/v2\/posts\/4234","targetHints":{"allow":["GET"]}}],"collection":[{"href":"https:\/\/radiocresatelital.com\/index.php?rest_route=\/wp\/v2\/posts"}],"about":[{"href":"https:\/\/radiocresatelital.com\/index.php?rest_route=\/wp\/v2\/types\/post"}],"author":[{"embeddable":true,"href":"https:\/\/radiocresatelital.com\/index.php?rest_route=\/wp\/v2\/users\/2"}],"replies":[{"embeddable":true,"href":"https:\/\/radiocresatelital.com\/index.php?rest_route=%2Fwp%2Fv2%2Fcomments&post=4234"}],"version-history":[{"count":1,"href":"https:\/\/radiocresatelital.com\/index.php?rest_route=\/wp\/v2\/posts\/4234\/revisions"}],"predecessor-version":[{"id":4236,"href":"https:\/\/radiocresatelital.com\/index.php?rest_route=\/wp\/v2\/posts\/4234\/revisions\/4236"}],"wp:featuredmedia":[{"embeddable":true,"href":"https:\/\/radiocresatelital.com\/index.php?rest_route=\/wp\/v2\/media\/4235"}],"wp:attachment":[{"href":"https:\/\/radiocresatelital.com\/index.php?rest_route=%2Fwp%2Fv2%2Fmedia&parent=4234"}],"wp:term":[{"taxonomy":"category","embeddable":true,"href":"https:\/\/radiocresatelital.com\/index.php?rest_route=%2Fwp%2Fv2%2Fcategories&post=4234"},{"taxonomy":"post_tag","embeddable":true,"href":"https:\/\/radiocresatelital.com\/index.php?rest_route=%2Fwp%2Fv2%2Ftags&post=4234"}],"curies":[{"name":"wp","href":"https:\/\/api.w.org\/{rel}","templated":true}]}}