{"id":42335,"date":"2025-11-23T18:37:00","date_gmt":"2025-11-23T18:37:00","guid":{"rendered":"https:\/\/radiocresatelital.com\/?p=42335"},"modified":"2025-11-23T18:37:00","modified_gmt":"2025-11-23T18:37:00","slug":"vallejo-vs-varillas-la-gran-final-del-challenger-ciudad-de-guayaquil","status":"publish","type":"post","link":"https:\/\/radiocresatelital.com\/?p=42335","title":{"rendered":"Vallejo vs Varillas la Gran Final del Challenger \u00abCiudad de Guayaquil\u00bb"},"content":{"rendered":"<p class=\"x_gmail-yiv7621549528gmail-MsoNoSpacing\"><span data-olk-copy-source=\"MessageBody\">Guayaquil.- Juventud y experiencia se ver\u00e1 en la final de la edici\u00f3n 21 del Challenger Ciudad de Guayaquil Copa Banco Guayaquil auspiciado por el Municipio de Guayaquil, cuando las raquetas de Daniel Vallejo (163 ATP) de Paraguay y Juan Pablo Varillas (327) de Per\u00fa muestren toda su destreza y poder\u00edo ante el p\u00fablico guayaquile\u00f1o y ecuatoriano que se dar\u00e1n cita este domingo a las 14h00 en el Guayaquil Tenis Club sede Anexo.<\/span><\/p>\n<p class=\"x_gmail-yiv7621549528gmail-MsoNoSpacing\">\u201cFue un partido muy trabajado, obviamente \u00c1lvaro es un jugador muy duro, muy f\u00edsico este partido y nada, fui encontrando la forma, arranqu\u00e9 muy bien y luego no pude encontrarme, tuve un bache ah\u00ed que jugu\u00e9 muy mal, no pude ganar un punto en varios games y bueno despu\u00e9s poco a poco me fui directo al ba\u00f1o antes del segundo set y arranqu\u00e9 de nuevo, fui encontr\u00e1ndome y de a poco fui llevando el partido. Estoy contento con la victoria\u201d destac\u00f3 el ex n\u00famero 1 del mundo juvenil.<\/p>\n<p class=\"x_gmail-yiv7621549528gmail-MsoNoSpacing\">A pesar de su juventud, tanto Vallejo de 21 a\u00f1os, como \u00c1lvaro Guill\u00e9n (197) de 22, ya se hab\u00edan enfrentado cuatro veces en el tour profesional, por lo que el partido de hoy fue muy t\u00e1ctico.<\/p>\n<p class=\"x_gmail-yiv7621549528gmail-MsoNoSpacing\">Las dos horas 28 minutos de partido fueron muy intensas con un p\u00fablico que llen\u00f3 el estadio y que disfrut\u00f3 cada punto de los j\u00f3venes tenistas que con seguridad en poco tiempo los veremos faj\u00e1ndose con los mejores tenistas del mundo en los torneos de Grand Slam.<\/p>\n<p class=\"x_gmail-yiv7621549528gmail-MsoNoSpacing\">Igualados a un set, el arranque de Guill\u00e9n en el tercer set fue ilusionante ya que logr\u00f3 quebrarle el saque, sin embargo no pudo sostener esa ventaja, pues Vallejo tom\u00f3 el control del partido y sell\u00f3 su victoria con parciales de 4-6, 6-2, 6-3.<\/p>\n<p><img decoding=\"async\" src=\"https:\/\/attachment.outlook.live.net\/owa\/MSA%3Axfarah67%40outlook.com\/service.svc\/s\/GetAttachmentThumbnail?id=AAkALgAAAAAAHYQDEapmEc2byACqAC%2FEWg0AZKvinoNFtk25sjVTcD9jKwAC%2BpqKZAAAARIAEADQTxccZyyhSI9jntAKiCEA&amp;thumbnailType=2&amp;isc=1&amp;token=eyJhbGciOiJSUzI1NiIsInR5cCI6IkpXVCIsImtpZCI6IjBKV1hLMk83RnZ1Q3VwMjlyWlhNTzNlTytSTT0iLCJ4NXQiOiIwSldYSzJPN0Z2dUN1cDI5clpYTU8zZU8rUk09Iiwibm9uY2UiOiIzY201SkxHNEo5V1BSOVlVMUN0Rmc0RUxoVW9NZHAtbUVxdmt1c2kteHJfNFFWdzMzLUZJd0Q1VmczaTcydVVlbmdpU1RVaHEwbmdlLWhvWDk4clBaMUlYcHQxVjhTQkpRTU0xcEFIUUlSaW5keVBab29fR0owUmJVUVB6X2ZHSmpBa0cxMkUzZG9aekhIZFIxQ1VyYXR3RG9UZUN4RnVudlE5MUFlWU1TMm8iLCJpc3Nsb2MiOiJDSDNQMjIxTUIxMzQxIiwic3JzbiI6NjM4OTk0NzIxMzIyMTA4Mjc4fQ.eyJzYXAtdmVyc2lvbiI6IjMzIiwiYXBwaWQiOiJhZjNlYmJiYS1jMjNmLTQ5MmEtYWE5My04MzQyMTY5NmVjNGIiLCJpc3NyaW5nIjoiV1ciLCJhcHBpZGFjciI6IjIiLCJhcHBfZGlzcGxheW5hbWUiOiIiLCJ1dGkiOiI3ZmQ0YjAxZC0xNGIyLTQ2NTAtOTQ1YS1kMWNkNmI0N2Q2OGYiLCJpYXQiOjE3NjM5MjI3NzQsInZlciI6IlNUSS5Vc2VyLkNhbGxiYWNrVG9rZW4uVjEiLCJ0aWQiOiI4NGRmOWU3ZmU5ZjY0MGFmYjQzNWFhYWFhYWFhYWFhYSIsInRydXN0ZWRmb3JkZWxlZ2F0aW9uIjoiZmFsc2UiLCJ0b3BvbG9neSI6IntcIlR5cGVcIjpcIk1hY2hpbmVcIixcIlZhbHVlXCI6XCJDSDNQMjIxTUIxMzQxLk5BTVAyMjEuUFJPRC5PVVRMT09LLkNPTVwifSIsInJlcXVlc3Rvcl9hcHBpZCI6IjE1N2NkZmJmLTczOTgtNGE1Ni05NmMzLWU5M2U5YWIzMDliNSIsInJlcXVlc3Rvcl9hcHBfZGlzcGxheW5hbWUiOiJPZmZpY2UgMzY1IEV4Y2hhbmdlIE1pY3Jvc2VydmljZSIsInNjcCI6Ik93YUF0dGFjaG1lbnRzLlJlYWQiLCJvaWQiOiIwMDAzMDAwMC01NTVmLWQyYWYtMDAwMC0wMDAwMDAwMDAwMDAiLCJwdWlkIjoiMDAwMzAwMDA1NTVGRDJBRiIsInNtdHAiOiJ4ZmFyYWg2N0BvdXRsb29rLmNvbSIsInVwbiI6InhmYXJhaDY3QG91dGxvb2suY29tIiwidXNlcmNhbGxiYWNrdXNlcmNvbnRleHRpZCI6IjM0MWYyOWQ4N2M3ZjQwYzg5MWU5NTU2ZDNmMzU0YTdiIiwiZW1iZWRkZWR1c2VydG9rZW50eXBlIjoiTXNhRmlyc3RQYXJ0eSIsInVzZXJhY2Nlc3N0b2tlbiI6IkdBQTNBd01BQUFBTWdBQUF0UUVnTmtRbm91TFc4bi9DNUNJdFVlZ2ZpUjNoV2szbkdocGs3S3JyK1VNdnNJa0FBWXFTS0Y2MFJXdS8zUEl6QkdQZ3dvanFWZ0RLaDVOMWllMExvWTlqOTZ5amNNdFduMkR5RTVxYUNCditkTlIrMC9DTFJjNVlrT25NeWg1OGppRm9tZ0krUWNhaDVHY0R0ZXh6d2pzWjhTN1hZeEwrWFp3OU5UOE9yNGNGR0NvK3E5OHFZaVNmU0tJbHMvSTFTODd6VFd5cytMQ29sRTE3WFFiYXU0L1VMTTFMeHEvdzhBaWNvSmZMcTFDRTAyc3F2YXlWVDdKZjZESXpOdnlMLzhEd0lkckJPOHpJT0lKbWNLNTQ4d05TNjVsU0FxQ0ZqMU8xeVYyQ1M3enpUQ2VzeGhncW0wZnlHNmxrbFRWOGl3K3BrTWwyTUNVU1BjUGx3YWlFam1FRjQrWTE3c0FldXpXQ0wwc3J4QVJNUTQxZk5pQWNpWng3bnBRT3hydzVtS3pXZGo4RUFvRUFCQUlBQUFNQXI5SmZWVlpUSTJsT1V5TnA2WGNFQUFvUm9BQUFGUUI0Wm1GeVlXZzJOMEJ2ZFhSc2IyOXJMbU52YlFCYUFBQWhlR1poY21Gb05qY2xiM1YwYkc5dmF5NWpiMjFBY0dGemMzQnZjblF1WTI5dEFBQUFDa1ZEQUFBQUFBQUFEQW9DQUFCZ3hsVkFBQVpEQUFaWVlYWnBaWElBQlVaaGNtRm9BQUFBQUFBQUFBQUFBQUFBQUFBQUFBQUE5WmhvVDZYL2k4Y0FBRlpUSTJsVytwbHBBQUFBQUFBQUFBQUFBQUFBSndBeU9EQXdPbUptTURvNE1EZ3dPakptTURJNk5qazRNenBoWkRNNU9qTm1aVFU2TmpFeE1nQUZBUUFBQUFBQUFBQUFBQUFBQUFFQUFBQUFBQUFBQUFBQUFBQUFBQUFBQnlrUDVqWkdBdllBQUFBQUFBQUFBQUFBQUFBQUFBQUFBQUFBQUFBQUFBQktKSHBJRUFBZ3Y1bVJQNkVIUVlYY0FoRkhoKzlJQUFBQUFBQUFBQUFBQUFBQUF3QUFBTVFBUkdkalJsQXhiWFJHZERZNWExaGtVbVJNY0hoeU5rMDVVMFpMVVhGMVVIVTVaV1ZWTjBGaVppcFhiV1ZpTjA1aU1VVm9WR3RuYXpFaFJuQTJVMmRGVFhwWGNuZG5TMnA1YUhaSFlYbEthMU0wTTNCTlN5cDNTbk51T0d4RFJqSlBhMUJvYW5GVlQwODFVME5ETTI1alZuZFVibU1oT1ZsbFZsZDNabTgzZGxGUk0yY3hNMGhEZVRReFJtdGlWakEwZVU5d1JGcGFWV1IwTjFSSFFWbzFTWFphTTI1NGFERjZlRE5qTmpSNWMxTkdOamRJTUVkd1JVUXhZM05RWkZWa1oyY2tKQT09IiwiZXBrIjoie1wia3R5XCI6XCJSU0FcIixcIm5cIjpcInZuZUd3bjgwd2tVd2FXNGR2dHNOQktLM2stbGZWWC1NenZzRW80ckFmWW1aYm13eTlpTmJnbWNqWTZfNVBHdENZcU92YjhYX0ZEQzZmMXdpTnB0RVBmYWRZM0VjSV85NkZRdHZRY0x2WDdBRkpjOHdGdW5vbkg4bzFDZFFoTktwY3l6YTVuU2lDVERudEgweGNRbUcwRDAtXzVCZldzajNyYVJVMENDc0lJQUwwYTRpalpUN3VyanhUSWNVOEhqQUlXZXM5UV9NMG5MQ2h3NWZGa2xBUVQxV3BpcFBYUV9FUzU5YTBncWlBZndmekotbVVfYnNSRUh0eWlCazhCamNZaloxRmZtLU82QjNCRjBucWNTbTRfcmFhaFBJVzJ6MmZlb2tYOXVGOHdpZXdHbl9kU0U5SFRwelg0TU9UOWN6MlBGZmJFdUM5UGJ0Rkx5QVNlREZNUVwiLFwiZVwiOlwiQVFBQlwiLFwiYWxnXCI6XCJSUzI1NlwiLFwiZXhwXCI6XCIxNzY0MDEyMTQ4XCIsXCJleHBfZGlmZlwiOlwiODY0MDBcIixcImtpZFwiOlwiYldmaVhiQkJXcUFfcV9YRGNMRXBRRlVpZlVBXCJ9LkJzb1R2RW1yL0VBU2kydUszOEZ3MWpMeVdPRUxZYXRWUDErNWc5TUVQNGZGeVVDYVdHVGsrMEgvdGgzV2hSS1lmWDFobGNkTnN2OERRWVNiNHhaQW9pVlVBcHEzWnhMdW5nWDZIRjRaRGRxTXNxYXNFQ3RNa1JBektNbU1QRkVMZXRzYmRLRTZ2YVdHOXlMaytJRmM2dTNBT1dINUg4dDBqdGNEU0FNRHI2azNEejc5KzhqQ1pJQ1JpY2NWa3RrYXluWi9mWmU5YXltUzBSakxIK2xQWDdmUXBUbmlGWDhjYjBPRmNHY093RDNldmV5NlpDTEpoSUxHZUcwdExIc0F0Sm82OVVmT2p5VXNETWpOVDl6ZzlNZ2hFNStJcUM5S3RHczBJWW9zSFg5SGRmRUU4UXRYek1vTlIvdFk2cVJQWFJVWWREZC9mL3BQcDU1NjFVdllvdz09IiwibmJmIjoxNzYzOTIyNzc0LCJleHAiOjE3NjM5MjMwNzQsImlzcyI6Imh0dHBzOi8vc3Vic3RyYXRlLm9mZmljZS5jb20vc3RzLyIsImF1ZCI6Imh0dHBzOi8vb3V0bG9vay5vZmZpY2UuY29tIiwic3NlYyI6IkU3ZUl6akJJY1BKMzYyU3oiLCJlc3NlYyI6ImFydGlmYWN0LWF1dG8tcHJvZHxNMzY1MjAyNS0wOC0yM1QyMjoxNDo0Ni44ODg1NzI0WnxIZmwrL3RadUplUklYbCJ9.eRxeb214VSEtSC1waU3NYjnfWdy1Ie5cEvvGnqdjNstPPqfCLb-oVAJF2Ga84EtiD5Vcdq_R-fzu4kgvJac6w3l20mkvcK6AZMQ4hIEkDUIVYT5tx51j_5F9xo4hEVW3eUVRtW8qMfrHPitvwqhk2Ee1w4VduEgENPrgNP4H3uDWlPKIWBVAsvoQD1QSlSzi_nDXB-USHD8x9gQDJkji31BUHGSJt-SPBIFw878NeggNPYP0f5nDKp5tKhZhahFX1j5tDEMm60-7ycTQZ1xAjkgFV_o4wBsRYjT-6MGbFOhu7X5mIJZoN8wHlId3t3HD8Ra8Ck_I-YTGdlVgJjaBOA&amp;X-OWA-CANARY=X-OWA-CANARY_cookie_is_null_or_empty&amp;owa=outlook.live.com&amp;scriptVer=20251114001.19&amp;clientId=0EF1DBD5E82E4892BD549C587B372F64&amp;animation=true\" alt=\"Vista previa de imagen\" \/><\/p>\n<p class=\"x_gmail-yiv7621549528gmail-MsoNoSpacing\"><b>VARILLAS CON JUEGO EFECTIVO<\/b><\/p>\n<p class=\"x_gmail-yiv7621549528gmail-MsoNoSpacing\">Despu\u00e9s de haber ganado tres partidos, el de hoy fue el de mejor juego y desempe\u00f1o para el peruano Juan Pablo Varillas que enfrent\u00f3 al campe\u00f3n reinante del torneo, el argentino Federico G\u00f3mez (269) a quien super\u00f3 6-4, 6-4.<\/p>\n<p class=\"x_gmail-yiv7621549528gmail-MsoNoSpacing\">\u201cS\u00ed, s\u00ed feliz de estar en una final despu\u00e9s de mucho tiempo, creo que vengo busc\u00e1ndola hace un mont\u00f3n despu\u00e9s de la lesi\u00f3n, quiz\u00e1s me cost\u00f3 un poco entrar en ritmo, poco a poco me voy sintiendo mejor en la cancha, volviendo al nivel que quiero estar y nada, feliz de estar en una final ac\u00e1, la tercera es la vencida\u201d; indic\u00f3 el peruano de 30 a\u00f1os que previamente hab\u00eda alcanzado dos semifinales en este torneo.<\/p>\n<p class=\"x_gmail-yiv7621549528gmail-MsoNoSpacing\">Seg\u00fan registros Vallejo y Varillas se enfrentaron dos veces a nivel profesional, est\u00e1n parejos con un triunfo cada uno, de esos una fue la final en Buenos Aires este a\u00f1o con victoria para Juan Pablo.<\/p>\n<p class=\"x_gmail-yiv7621549528gmail-MsoNoSpacing\"><b>La gran final 2025 de Guayaquil se jugar\u00e1 este domingo a las 14h00 locales (19h00 GMT) con transmisi\u00f3n de ESPN.<\/b><\/p>\n<p class=\"x_gmail-yiv7621549528gmail-MsoNoSpacing\"><b>MEXICANOS SE LLEVARON EL T\u00cdTULO DE DOBLES<\/b><\/p>\n<p class=\"x_gmail-yiv7621549528gmail-MsoNoSpacing\">Los mexicanos Alex Hern\u00e1ndez y Rodrigo Pacheco consiguieron la victoria en la final de dobles del Challenger Ciudad de Guayaquil al vencer con parciales 7-5, 6-3 al argentino Lucio Ratti y brasile\u00f1o Victor Remondy Pagotto.<\/p>\n<p class=\"x_gmail-yiv7621549528gmail-MsoNoSpacing\">La dupla azteca consigui\u00f3 su primer t\u00edtulo como \u2018partners\u2019, el partido tuvo alternabilidad hasta ciertos games, pues en los \u00faltimos y decisivos ellos fueron m\u00e1s efectivos.<\/p>\n<p class=\"x_gmail-yiv7621549528gmail-MsoNoSpacing\">En la premiaci\u00f3n estuvieron los organizadores; Andr\u00e9s G\u00f3mez (director), Lui Adri\u00e1n Morej\u00f3n, adem\u00e1s del presidente del Guayaquil Tenis Club H\u00e9ctor Sol\u00f3rzano.<\/p>\n<p class=\"x_gmail-yiv7621549528gmail-MsoNoSpacing\">El torneo, que se disputa hasta el 23 de noviembre en el Guayaquil Tenis Club sede Anexo, llega gracias al auspicio de Muy Ilustre Municipalidad de Guayaquil, Banco Guayaquil, Stella Artois, Citikold, Urvaseo, Comisariato del constructor, ESPN, Loter\u00eda Nacional, Gatorade, 1XBET, Redni, Hotel Oro Verde, Conecta, Gulf, Dr. Daniel Blum Gilbert, Inproel, Sunforce, Telenews, Alcald\u00eda de Samborond\u00f3n, Ecuasal, Aca\u00ed, MEC \u2013 M\u00e9dicos en Casa, Amagua, Megarent, DLM, Well Business, Vento Rooftop, CuatriComia, Guayaquil Tenis Club.<\/p>\n","protected":false},"excerpt":{"rendered":"<p>Guayaquil.- Juventud y experiencia se ver\u00e1 en la final de la edici\u00f3n 21 del Challenger Ciudad de Guayaquil Copa Banco Guayaquil auspiciado por el Municipio de Guayaquil, cuando las raquetas de Daniel Vallejo (163 ATP) de Paraguay y Juan Pablo Varillas (327) de Per\u00fa muestren toda su destreza y poder\u00edo ante el p\u00fablico guayaquile\u00f1o y [&hellip;]<\/p>\n","protected":false},"author":2,"featured_media":42337,"comment_status":"open","ping_status":"closed","sticky":false,"template":"","format":"standard","meta":{"_jetpack_memberships_contains_paid_content":false,"footnotes":""},"categories":[906],"tags":[907],"class_list":["post-42335","post","type-post","status-publish","format-standard","has-post-thumbnail","hentry","category-challenger-ciudad-guayaquil","tag-challenger-ciudad-de-guayaquil"],"jetpack_featured_media_url":"https:\/\/radiocresatelital.com\/wp-content\/uploads\/2025\/11\/thumbnail_.Vallejo_PAR.jpg","jetpack_sharing_enabled":true,"_links":{"self":[{"href":"https:\/\/radiocresatelital.com\/index.php?rest_route=\/wp\/v2\/posts\/42335","targetHints":{"allow":["GET"]}}],"collection":[{"href":"https:\/\/radiocresatelital.com\/index.php?rest_route=\/wp\/v2\/posts"}],"about":[{"href":"https:\/\/radiocresatelital.com\/index.php?rest_route=\/wp\/v2\/types\/post"}],"author":[{"embeddable":true,"href":"https:\/\/radiocresatelital.com\/index.php?rest_route=\/wp\/v2\/users\/2"}],"replies":[{"embeddable":true,"href":"https:\/\/radiocresatelital.com\/index.php?rest_route=%2Fwp%2Fv2%2Fcomments&post=42335"}],"version-history":[{"count":1,"href":"https:\/\/radiocresatelital.com\/index.php?rest_route=\/wp\/v2\/posts\/42335\/revisions"}],"predecessor-version":[{"id":42338,"href":"https:\/\/radiocresatelital.com\/index.php?rest_route=\/wp\/v2\/posts\/42335\/revisions\/42338"}],"wp:featuredmedia":[{"embeddable":true,"href":"https:\/\/radiocresatelital.com\/index.php?rest_route=\/wp\/v2\/media\/42337"}],"wp:attachment":[{"href":"https:\/\/radiocresatelital.com\/index.php?rest_route=%2Fwp%2Fv2%2Fmedia&parent=42335"}],"wp:term":[{"taxonomy":"category","embeddable":true,"href":"https:\/\/radiocresatelital.com\/index.php?rest_route=%2Fwp%2Fv2%2Fcategories&post=42335"},{"taxonomy":"post_tag","embeddable":true,"href":"https:\/\/radiocresatelital.com\/index.php?rest_route=%2Fwp%2Fv2%2Ftags&post=42335"}],"curies":[{"name":"wp","href":"https:\/\/api.w.org\/{rel}","templated":true}]}}