{"id":4231,"date":"2023-09-14T21:00:58","date_gmt":"2023-09-14T21:00:58","guid":{"rendered":"https:\/\/radiocresatelital.com\/?p=4231"},"modified":"2023-09-14T21:00:58","modified_gmt":"2023-09-14T21:00:58","slug":"entregan-lista-de-nominados-al-premio-fifa-the-best","status":"publish","type":"post","link":"https:\/\/radiocresatelital.com\/?p=4231","title":{"rendered":"Entregan lista de nominados al premio FIFA The Best"},"content":{"rendered":"<p class=\"paragraph\" data-mrf-recirculation=\"Links inline\">Z\u00farich.- Los argentinos Lionel Messi y Juli\u00e1n \u00c1lvarez han sido nominados para recibir el premio FIFA The Best al mejor futbolista de la temporada. Como debemos recordar que la selecci\u00f3n argentina arras\u00f3 con los premios tras la ganar el Mundial de Qatar 2022.<\/p>\n<div data-mrf-experience=\"IL_segAj0D6QnWhVgI6okAieQ\">\n<div>\n<div class=\"r19iimbq r1j2tbbj\">\n<div data-mrf-recirculation=\"IL_segAj0D6QnWhVgI6okAieQ\" data-testid=\"text-html\">\n<div class=\"news-container\">\n<div class=\"news-module\">\n<div class=\"recommended-card__info\">A trav\u00e9s del sitio oficial del galard\u00f3n, se confirm\u00f3 que se puso en marcha la votaci\u00f3n para elegir a los jugadores, arqueros y entrenadores masculinos y femeninos m\u00e1s destacados del 2023. Es importante mencionar que los 12 jugadores fueron nominados por sus logros desde el 19 de diciembre del 2022, d\u00eda despu\u00e9s del t\u00edtulo en la Copa del Mundo de Medio Oriente, al 20 agosto del 2023.<\/div>\n<\/div>\n<\/div>\n<\/div>\n<\/div>\n<\/div>\n<\/div>\n<p class=\"paragraph\" data-mrf-recirculation=\"Links inline\">La votaci\u00f3n se puso en marcha este 14 de septiembre y se puede acceder\u00a0ingresando a este link\u00a0en el que se podr\u00e1 elegir por Messi o Juli\u00e1n. El plazo de votaci\u00f3n est\u00e1 abierto y el jurado internacional que emitir\u00e1 su veredicto est\u00e1 compuesto por capitanes de selecciones nacionales, entrenadores, periodistas y aficionados de todo el mundo.\u00a0El sufragio terminar\u00e1 el pr\u00f3ximo viernes 6 de octubre a la medianoche.<\/p>\n<p class=\"paragraph\" data-mrf-recirculation=\"Links inline\">Para destacar las elecciones de los dos futbolistas argentinos, FIFA estableci\u00f3 que Messi fue ganador de la Ligue 1 2022-23 con el PSG y que estuvo Incluido en el equipo ideal del torneo. Adem\u00e1s, fue el m\u00e1ximo asistente de la competici\u00f3n en Francia y\u00a0resaltan que marc\u00f3 su gol n\u00famero 100 con la selecci\u00f3n argentina.<\/p>\n<p class=\"paragraph\" data-mrf-recirculation=\"Links inline\">Por su parte, las razones elegidas para Juli\u00e1n son que se consagr\u00f3 ganador de la Premier League 2022-23 con el Manchester City. A eso, hay que sumarle los t\u00edtulos en la Copa de la Liga inglesa y la hist\u00f3rica consagraci\u00f3n para los Ciudadanos en la Champions League. Por \u00faltimo,\u00a0destacaron que fue el primer jugador que gan\u00f3 la Copa Mundial de la FIFA y un triplete europeo en la misma temporada.<\/p>\n<p class=\"paragraph\" data-mrf-recirculation=\"Links inline\">Adem\u00e1s, el f\u00fatbol argentino tiene otro nominado para los The Best. En la categor\u00eda\u00a0<i>Mejor Afici\u00f3n<\/i>,\u00a0un fan\u00e1tico de Col\u00f3n de Santa Fe est\u00e1 entre los candidatos. \u00bfLas razones? Durante el duelo entre el Sabalero y Barracas Central por la Liga Profesional, \u201clas c\u00e1maras de TV enfocaron a un hincha que sosten\u00eda a su hijo mientras le daba el biber\u00f3n. La escena capt\u00f3 el deseo por transmitirle a su hijo el amor por los colores del club desde peque\u00f1o\u201d, destacaron en el sitio de la entidad.<\/p>\n<p class=\"paragraph\" data-mrf-recirculation=\"Links inline\"><strong><u>Todos los nominados a los premios FIFA The Best 2023<\/u><\/strong><\/p>\n<p class=\"paragraph\" data-mrf-recirculation=\"Links inline\"><strong>Nominados al Premio The Best al Jugador de la FIFA<\/strong><\/p>\n<p class=\"paragraph\" data-mrf-recirculation=\"Links inline\">Juli\u00e1n \u00c1lvarez\u00a0(Argentina); Marcelo Brozovi\u0107 (Croacia); Kevin De Bruyne (B\u00e9lgica); Ilkay G\u00fcndogan (Alemania); Erling Haaland (Noruega); Rodri Hern\u00e1ndez Cascante (Espa\u00f1a); Khvicha Kvaratskhelia (Georgia); Kylian Mbapp\u00e9 (Francia);\u00a0Lionel Messi\u00a0(Argentina); Victor Osimhen (Nigeria); Declan Rice (Inglaterra); Bernardo Silva (Portugal).<\/p>\n<p class=\"paragraph\" data-mrf-recirculation=\"Links inline\"><strong>Nominadas al Premio The Best a la Jugadora de la FIFA<\/strong><\/p>\n<p class=\"paragraph\" data-mrf-recirculation=\"Links inline\">Aitana Bonmat\u00ed (Espa\u00f1a); Linda Caicedo (Colombia); Rachel Daly (Inglaterra); Kadidiatou Diani (Francia); Caitlin Foord (Australia); Mary Fowler (Australia); Alex Greenwood (Inglaterra); Jenni Hermoso (Espa\u00f1a); Lindsey Horan (EE. UU.); Amanda Ilestedt (Suecia); Lauren James (Inglaterra); Sam Kerr (Australia); Mapi Le\u00f3n (Espa\u00f1a); Hinata Miyazawa (Jap\u00f3n); Salma Paralluelo (Espa\u00f1a); Keira Walsh (Inglaterra).<\/p>\n<p class=\"paragraph\" data-mrf-recirculation=\"Links inline\"><strong>Nominadas al Premio The Best al Entrenador de la FIFA de F\u00fatbol Femenino<\/strong><\/p>\n<p class=\"paragraph\" data-mrf-recirculation=\"Links inline\">Peter Gerhardsson (Suecia); Jonatan Gir\u00e1ldez (Espa\u00f1a); Tony Gustavsson (Suecia); Emma Hayes (Inglaterra); Sarina Wiegman (Pa\u00edses Bajos).<\/p>\n<p class=\"paragraph\" data-mrf-recirculation=\"Links inline\"><strong>Nominados al Premio The Best al Entrenador de la FIFA de F\u00fatbol Masculino<\/strong><\/p>\n<p class=\"paragraph\" data-mrf-recirculation=\"Links inline\">Pep Guardiola (Espa\u00f1a); Simone Inzaghi (Italia); Ange Postecoglou (Australia); Luciano Spalletti (Italia); Xavi Hern\u00e1ndez (Espa\u00f1a).<\/p>\n<p class=\"paragraph\" data-mrf-recirculation=\"Links inline\"><strong>Nominadas al Premio The Best a la Guardameta de la FIFA<\/strong><\/p>\n<p class=\"paragraph\" data-mrf-recirculation=\"Links inline\">Mackenzie Arnold (Australia); Ann-Katrin Berger (Alemania); Catalina Coll (Espa\u00f1a); Mary Earps (Inglaterra); Christiane Endler (Chile); Ze\u0107ira Mu\u0161ovi\u0107 (Suecia); Sandra Pa\u00f1os (Espa\u00f1a).<\/p>\n<p class=\"paragraph\" data-mrf-recirculation=\"Links inline\"><strong>Nominados al Premio The Best al Guardameta de la FIFA<\/strong><\/p>\n<p class=\"paragraph\" data-mrf-recirculation=\"Links inline\">Yassine Bounou (Marruecos); Thibaut Courtois (B\u00e9lgica); Ederson (Brasil); Andr\u00e9 Onana (Camer\u00fan); Marc-Andr\u00e9 ter Stegen (Alemania).<\/p>\n<p class=\"paragraph\" data-mrf-recirculation=\"Links inline\"><strong>Personas nominadas al Premio a la Afici\u00f3n de la FIFA<\/strong><\/p>\n<p class=\"paragraph\" data-mrf-recirculation=\"Links inline\">Aficionado del Club Atl\u00e9tico Col\u00f3n de Santa Fe (Argentina); Fran Hurndall (Inglaterra); Miguel \u00c1ngel, aficionado del Millonarios (Colombia).<\/p>\n","protected":false},"excerpt":{"rendered":"<p>Z\u00farich.- Los argentinos Lionel Messi y Juli\u00e1n \u00c1lvarez han sido nominados para recibir el premio FIFA The Best al mejor futbolista de la temporada. Como debemos recordar que la selecci\u00f3n argentina arras\u00f3 con los premios tras la ganar el Mundial de Qatar 2022. A trav\u00e9s del sitio oficial del galard\u00f3n, se confirm\u00f3 que se puso [&hellip;]<\/p>\n","protected":false},"author":2,"featured_media":4232,"comment_status":"open","ping_status":"closed","sticky":false,"template":"","format":"standard","meta":{"_jetpack_memberships_contains_paid_content":false,"footnotes":""},"categories":[7],"tags":[797],"class_list":["post-4231","post","type-post","status-publish","format-standard","has-post-thumbnail","hentry","category-futbol-internacional","tag-fifa-best"],"jetpack_featured_media_url":"https:\/\/radiocresatelital.com\/wp-content\/uploads\/2023\/09\/s6odvxskizqflgsp8sgn.webp","jetpack_sharing_enabled":true,"_links":{"self":[{"href":"https:\/\/radiocresatelital.com\/index.php?rest_route=\/wp\/v2\/posts\/4231","targetHints":{"allow":["GET"]}}],"collection":[{"href":"https:\/\/radiocresatelital.com\/index.php?rest_route=\/wp\/v2\/posts"}],"about":[{"href":"https:\/\/radiocresatelital.com\/index.php?rest_route=\/wp\/v2\/types\/post"}],"author":[{"embeddable":true,"href":"https:\/\/radiocresatelital.com\/index.php?rest_route=\/wp\/v2\/users\/2"}],"replies":[{"embeddable":true,"href":"https:\/\/radiocresatelital.com\/index.php?rest_route=%2Fwp%2Fv2%2Fcomments&post=4231"}],"version-history":[{"count":1,"href":"https:\/\/radiocresatelital.com\/index.php?rest_route=\/wp\/v2\/posts\/4231\/revisions"}],"predecessor-version":[{"id":4233,"href":"https:\/\/radiocresatelital.com\/index.php?rest_route=\/wp\/v2\/posts\/4231\/revisions\/4233"}],"wp:featuredmedia":[{"embeddable":true,"href":"https:\/\/radiocresatelital.com\/index.php?rest_route=\/wp\/v2\/media\/4232"}],"wp:attachment":[{"href":"https:\/\/radiocresatelital.com\/index.php?rest_route=%2Fwp%2Fv2%2Fmedia&parent=4231"}],"wp:term":[{"taxonomy":"category","embeddable":true,"href":"https:\/\/radiocresatelital.com\/index.php?rest_route=%2Fwp%2Fv2%2Fcategories&post=4231"},{"taxonomy":"post_tag","embeddable":true,"href":"https:\/\/radiocresatelital.com\/index.php?rest_route=%2Fwp%2Fv2%2Ftags&post=4231"}],"curies":[{"name":"wp","href":"https:\/\/api.w.org\/{rel}","templated":true}]}}