{"id":42192,"date":"2025-11-20T23:28:31","date_gmt":"2025-11-20T23:28:31","guid":{"rendered":"https:\/\/radiocresatelital.com\/?p=42192"},"modified":"2025-11-20T23:33:24","modified_gmt":"2025-11-20T23:33:24","slug":"presidente-daniel-noboa-implementa-11-ludobibliotecas-y-proyecta-abrir-dos-mas-antes-de-finalizar-el-ano","status":"publish","type":"post","link":"https:\/\/radiocresatelital.com\/?p=42192","title":{"rendered":"Presidente Daniel Noboa implementa 11 ludobibliotecas y proyecta abrir dos m\u00e1s antes de finalizar el a\u00f1o"},"content":{"rendered":"<p>Quito.-\u00a0El Ministerio de Educaci\u00f3n, Deporte y Cultura (Minedec), en el marco de la Pol\u00edtica Nacional de Fomento a la Lectura, la Oralidad y el Acceso al Libro (2024-2030), impulsa el proyecto Ludobibliotecas, una iniciativa que transforma espacios p\u00fablicos en entornos din\u00e1micos de lectura, juego y aprendizaje para ni\u00f1as, ni\u00f1os y adolescentes.<\/p>\n<p>Este jueves 20 de noviembre se inaugur\u00f3 la\u00a0 Ludobiblioteca n\u00famero once del pa\u00eds en el Museo y Centro Cultural de Loja, en el contexto de la D\u00e9cima Edici\u00f3n del Festival Internacional de Artes Vivas de Loja (FIAVL).<\/p>\n<p>Esta obra cuenta con un financiamiento p\u00fablico\u2013privado de USD 47.619,01 y beneficiar\u00e1 a alrededor de 100.000 ni\u00f1as, ni\u00f1os y adolescentes, quienes dispondr\u00e1n de un espacio seguro para desarrollar habilidades, creatividad y pensamiento cr\u00edtico.<\/p>\n<p>El proyecto se desarrolla con la organizaci\u00f3n Unidos por la Educaci\u00f3n y cuenta con el apoyo de la Organizaci\u00f3n de Estados Iberoamericanos (OEI). Su objetivo es fortalecer el h\u00e1bito lector, el acceso al libro y el v\u00ednculo con la cultura ecuatoriana desde una experiencia l\u00fadica, promoviendo el buen uso del tiempo libre de las familias.<\/p>\n<p>Ludobibliotecas es una iniciativa con proyecci\u00f3n nacional que aspira a llegar a las 24 provincias del pa\u00eds, gracias al trabajo articulado entre el sector p\u00fablico y el privado, y al incentivo tributario del 150 % de deducibilidad del Impuesto a la Renta para auspicios culturales.<\/p>\n<p>Antes de finalizar el a\u00f1o 2025, se sumar\u00e1n dos nuevas ludobibliotecas en Cuenca y Esmeraldas.<\/p>\n<p>Conozca las ubicaciones de las Ludobibliotecas a nivel nacional:<\/p>\n<ul>\n<li><strong>Loja \u2013 Loja<\/strong>\n<ul>\n<li>Ludobiblioteca Museo y Centro Cultural de Loja<\/li>\n<li>Calles Bol\u00edvar y Bernardo Valdivieso, sector 10 de Agosto<\/li>\n<li>Atenci\u00f3n: martes a viernes de 10h00 a 16h00 locales (15h00 a 21h00 GMT); s\u00e1bados de 10h00 a 14h00 locales (17h00 a 19h00 GMT).<\/li>\n<\/ul>\n<\/li>\n<li><strong>Quito \u2013 Pichincha:<\/strong>\u00a0Biblioteca Nacional Eugenio Espejo.\n<ul>\n<li>Atenci\u00f3n: martes a viernes 09h00\u201316h30 locales (14h00 a 21h30 GMT); s\u00e1bado 09h00\u201313h00 locales (14h00 a 18h00 GMT).<\/li>\n<\/ul>\n<\/li>\n<li><strong>Guayaquil \u2013 Guayas:<\/strong>\u00a0Museo Antropol\u00f3gico y de Arte Contempor\u00e1neo (MAAC).\n<ul>\n<li>Atenci\u00f3n: mi\u00e9rcoles a domingo 09h00\u201317h00 locales (14h00 a 22h00 GMT) (\u00faltimo ingreso 16:30).<\/li>\n<\/ul>\n<\/li>\n<li><strong>Riobamba \u2013 Chimborazo:<\/strong>\u00a0Museo y Centro Cultural de Riobamba.\n<ul>\n<li>Atenci\u00f3n: martes a viernes 09h00\u201316h30 locales (14h00 a 21h30 GMT); s\u00e1bado 10h00\u201316h00 locales (15h00 a 21h00 GMT).<\/li>\n<\/ul>\n<\/li>\n<li><strong>Manta \u2013 Manab\u00ed:<\/strong>\u00a0Museo y Centro Cultural de Manta.\n<ul>\n<li>Atenci\u00f3n: martes a viernes 10h00\u201316h00 locales (15h00 a 21h00 GMT); s\u00e1bado 10h00\u201314h00 locales (15h00 a 19h00 GMT).<\/li>\n<\/ul>\n<\/li>\n<li><strong>Babahoyo \u2013 Los R\u00edos:<\/strong>\u00a0Casa de la Cultura N\u00facleo Los R\u00edos.\n<ul>\n<li>Atenci\u00f3n: lunes a viernes 08h00\u201316h30 locales (13h00 a 21h30 GMT).<\/li>\n<\/ul>\n<\/li>\n<li><strong>San Crist\u00f3bal \u2013 Gal\u00e1pagos:<\/strong>\u00a0Casa de la Cultura N\u00facleo Gal\u00e1pagos.\n<ul>\n<li>Atenci\u00f3n: lunes, martes, mi\u00e9rcoles y viernes 09h00\u201311h00 locales (14h00 a 16h00 GMT)y 14h00\u201317h00 locales (19h00 a 22h00 GMT).<\/li>\n<\/ul>\n<\/li>\n<li><strong>Guayaquil \u2013 Guayas:<\/strong>\u00a0Unidad Educativa Jorge Villegas Serrano.\n<ul>\n<li>Atenci\u00f3n: jornada escolar (lunes a viernes).<\/li>\n<\/ul>\n<\/li>\n<li><strong>Guayaquil \u2013 Guayas:<\/strong>\u00a0Unidad Educativa Oth\u00f3n Castillo V\u00e9lez.\n<ul>\n<li>Atenci\u00f3n: jornada escolar (lunes a viernes).<\/li>\n<\/ul>\n<\/li>\n<li><strong>Manta \u2013 Manab\u00ed:<\/strong>\u00a0Unidad Educativa El Palmar.\n<ul>\n<li>Atenci\u00f3n: jornada escolar.<\/li>\n<\/ul>\n<\/li>\n<li><strong>Latacunga \u2013 Cotopaxi:<\/strong>\u00a0Unidad Educativa San Jos\u00e9 de Guaytacama.\n<ul>\n<li>Atenci\u00f3n: jornada escolar (lunes a viernes).<\/li>\n<\/ul>\n<\/li>\n<\/ul>\n<p>El MINEDEC invita a la ciudadan\u00eda a visitar estos espacios seguros, especializados y din\u00e1micos que potencian el conocimiento y la creatividad de ni\u00f1as y ni\u00f1os, integrando infraestructura adecuada, mobiliario, material\u00a0de\u00a0calidad.<\/p>\n","protected":false},"excerpt":{"rendered":"<p>Quito.-\u00a0El Ministerio de Educaci\u00f3n, Deporte y Cultura (Minedec), en el marco de la Pol\u00edtica Nacional de Fomento a la Lectura, la Oralidad y el Acceso al Libro (2024-2030), impulsa el proyecto Ludobibliotecas, una iniciativa que transforma espacios p\u00fablicos en entornos din\u00e1micos de lectura, juego y aprendizaje para ni\u00f1as, ni\u00f1os y adolescentes. Este jueves 20 de [&hellip;]<\/p>\n","protected":false},"author":2,"featured_media":42193,"comment_status":"open","ping_status":"closed","sticky":false,"template":"","format":"standard","meta":{"_jetpack_memberships_contains_paid_content":false,"footnotes":""},"categories":[13],"tags":[444],"class_list":["post-42192","post","type-post","status-publish","format-standard","has-post-thumbnail","hentry","category-noticias-nacionales","tag-ministerio-de-educacion"],"jetpack_featured_media_url":"https:\/\/radiocresatelital.com\/wp-content\/uploads\/2025\/11\/ludo-2.png","jetpack_sharing_enabled":true,"_links":{"self":[{"href":"https:\/\/radiocresatelital.com\/index.php?rest_route=\/wp\/v2\/posts\/42192","targetHints":{"allow":["GET"]}}],"collection":[{"href":"https:\/\/radiocresatelital.com\/index.php?rest_route=\/wp\/v2\/posts"}],"about":[{"href":"https:\/\/radiocresatelital.com\/index.php?rest_route=\/wp\/v2\/types\/post"}],"author":[{"embeddable":true,"href":"https:\/\/radiocresatelital.com\/index.php?rest_route=\/wp\/v2\/users\/2"}],"replies":[{"embeddable":true,"href":"https:\/\/radiocresatelital.com\/index.php?rest_route=%2Fwp%2Fv2%2Fcomments&post=42192"}],"version-history":[{"count":3,"href":"https:\/\/radiocresatelital.com\/index.php?rest_route=\/wp\/v2\/posts\/42192\/revisions"}],"predecessor-version":[{"id":42196,"href":"https:\/\/radiocresatelital.com\/index.php?rest_route=\/wp\/v2\/posts\/42192\/revisions\/42196"}],"wp:featuredmedia":[{"embeddable":true,"href":"https:\/\/radiocresatelital.com\/index.php?rest_route=\/wp\/v2\/media\/42193"}],"wp:attachment":[{"href":"https:\/\/radiocresatelital.com\/index.php?rest_route=%2Fwp%2Fv2%2Fmedia&parent=42192"}],"wp:term":[{"taxonomy":"category","embeddable":true,"href":"https:\/\/radiocresatelital.com\/index.php?rest_route=%2Fwp%2Fv2%2Fcategories&post=42192"},{"taxonomy":"post_tag","embeddable":true,"href":"https:\/\/radiocresatelital.com\/index.php?rest_route=%2Fwp%2Fv2%2Ftags&post=42192"}],"curies":[{"name":"wp","href":"https:\/\/api.w.org\/{rel}","templated":true}]}}