{"id":42173,"date":"2025-11-20T23:13:59","date_gmt":"2025-11-20T23:13:59","guid":{"rendered":"https:\/\/radiocresatelital.com\/?p=42173"},"modified":"2025-11-20T23:14:09","modified_gmt":"2025-11-20T23:14:09","slug":"la-trayectoria-de-nataly-morillo-desde-servidora-publica-1-hasta-ministra-de-gobierno","status":"publish","type":"post","link":"https:\/\/radiocresatelital.com\/?p=42173","title":{"rendered":"La trayectoria de Nataly Morillo: Desde servidora p\u00fablica 1 hasta Ministra de Gobierno"},"content":{"rendered":"<p>Quito.- La nueva Ministra de Gobierno tiene amplia trayectoria en el servicio p\u00fablico. Nataly Morillo asume hoy el cargo de Ministra de Gobierno, luego de una trayectoria de m\u00e1s de una d\u00e9cada en el \u00e1mbito de la comunicaci\u00f3n y el servicio p\u00fablico.<\/p>\n<p>Inici\u00f3 su carrera como reportera en el diario HOY y posteriormente trabaj\u00f3 en Telerama Televisi\u00f3n, donde desempe\u00f1\u00f3 funciones como coordinadora de noticias.<\/p>\n<p>En el sector p\u00fablico ha ocupado varios cargos vinculados a la comunicaci\u00f3n institucional. Empez\u00f3 como servidora p\u00fablica 1, el m\u00e1s bajo de los escalafonesdel servicio p\u00fablico, en la Secretar\u00eda General de Comunicaci\u00f3n. Ha dirigido<br \/>\n\u00e1reas de comunicaci\u00f3n en instituciones estrat\u00e9gicas como el Consejo NacionalElectoral, los ministerios de Transporte y Obras P\u00fablicas, Interior y Gobierno.<\/p>\n<p>En 2022 se desempe\u00f1\u00f3 adem\u00e1s como asesora y jefa del Despacho del Ministerio del Interior, y posteriormente fue gerente nacional de Comunicaci\u00f3n de CNT, una de las empresas p\u00fablicas m\u00e1s relevantes del pa\u00eds.<\/p>\n<p>Su trayectoria pol\u00edtica y comunicacional, adem\u00e1s de su compromiso con el pa\u00eds, la llev\u00f3 a asumir el 17 de noviembre de 2023 el cargo de asamble\u00edsta nacional, desde donde impuls\u00f3 iniciativas relacionadas principalmente con seguridad ciudadana. En agosto de 2024 se integr\u00f3 al movimiento oficialista Acci\u00f3n Democr\u00e1tica Nacional (ADN), reafirmando su trabajo alineado a la agenda de desarrollo del Ejecutivo.<\/p>\n<p>La ministra Morillo es licenciada en Comunicaci\u00f3n Social con menci\u00f3n en Periodismo Investigativo por la Universidad Polit\u00e9cnica Salesiana. Cuenta con un m\u00e1ster en Comunicaci\u00f3n y Marketing Pol\u00edtico y un diplomado en Marketing y Negocios Digitales.<\/p>\n<p>En sus funciones p\u00fablicas ha enfatizado en temas relacionados con seguridad ciudadana y educaci\u00f3n, \u00e1reas que considera fundamentales para el desarrollo del pa\u00eds.<\/p>\n<p>Hoy, al asumir el Ministerio de Gobierno, su trayectoria refleja una constante: comenz\u00f3 desde cero, trabaj\u00f3 con rigor, ascendi\u00f3 con m\u00e9rito y llega al m\u00e1s alto nivel institucional.<\/p>\n<p>En las pr\u00f3ximas horas, el presidente Daniel Noboa oficializar\u00e1 esta designaci\u00f3n mediante la emisi\u00f3n del decreto ejecutivo correspondiente.<\/p>\n","protected":false},"excerpt":{"rendered":"<p>Quito.- La nueva Ministra de Gobierno tiene amplia trayectoria en el servicio p\u00fablico. Nataly Morillo asume hoy el cargo de Ministra de Gobierno, luego de una trayectoria de m\u00e1s de una d\u00e9cada en el \u00e1mbito de la comunicaci\u00f3n y el servicio p\u00fablico. Inici\u00f3 su carrera como reportera en el diario HOY y posteriormente trabaj\u00f3 en [&hellip;]<\/p>\n","protected":false},"author":2,"featured_media":42174,"comment_status":"open","ping_status":"closed","sticky":false,"template":"","format":"standard","meta":{"_jetpack_memberships_contains_paid_content":false,"footnotes":""},"categories":[13],"tags":[1338,6751],"class_list":["post-42173","post","type-post","status-publish","format-standard","has-post-thumbnail","hentry","category-noticias-nacionales","tag-ministra-de-gobierno","tag-nataly-morillo"],"jetpack_featured_media_url":"https:\/\/radiocresatelital.com\/wp-content\/uploads\/2025\/11\/Nataly-Morillo-sera-la-nueva-ministra-de-Gobierno-tras-salida-de-Zaida-Rovira.jpg","jetpack_sharing_enabled":true,"_links":{"self":[{"href":"https:\/\/radiocresatelital.com\/index.php?rest_route=\/wp\/v2\/posts\/42173","targetHints":{"allow":["GET"]}}],"collection":[{"href":"https:\/\/radiocresatelital.com\/index.php?rest_route=\/wp\/v2\/posts"}],"about":[{"href":"https:\/\/radiocresatelital.com\/index.php?rest_route=\/wp\/v2\/types\/post"}],"author":[{"embeddable":true,"href":"https:\/\/radiocresatelital.com\/index.php?rest_route=\/wp\/v2\/users\/2"}],"replies":[{"embeddable":true,"href":"https:\/\/radiocresatelital.com\/index.php?rest_route=%2Fwp%2Fv2%2Fcomments&post=42173"}],"version-history":[{"count":2,"href":"https:\/\/radiocresatelital.com\/index.php?rest_route=\/wp\/v2\/posts\/42173\/revisions"}],"predecessor-version":[{"id":42176,"href":"https:\/\/radiocresatelital.com\/index.php?rest_route=\/wp\/v2\/posts\/42173\/revisions\/42176"}],"wp:featuredmedia":[{"embeddable":true,"href":"https:\/\/radiocresatelital.com\/index.php?rest_route=\/wp\/v2\/media\/42174"}],"wp:attachment":[{"href":"https:\/\/radiocresatelital.com\/index.php?rest_route=%2Fwp%2Fv2%2Fmedia&parent=42173"}],"wp:term":[{"taxonomy":"category","embeddable":true,"href":"https:\/\/radiocresatelital.com\/index.php?rest_route=%2Fwp%2Fv2%2Fcategories&post=42173"},{"taxonomy":"post_tag","embeddable":true,"href":"https:\/\/radiocresatelital.com\/index.php?rest_route=%2Fwp%2Fv2%2Ftags&post=42173"}],"curies":[{"name":"wp","href":"https:\/\/api.w.org\/{rel}","templated":true}]}}