{"id":42168,"date":"2025-11-20T23:07:48","date_gmt":"2025-11-20T23:07:48","guid":{"rendered":"https:\/\/radiocresatelital.com\/?p=42168"},"modified":"2025-11-20T23:08:49","modified_gmt":"2025-11-20T23:08:49","slug":"el-noroeste-vivio-una-jornada-completa-de-atencion-municipal-con-la-feria-aqui-mismo","status":"publish","type":"post","link":"https:\/\/radiocresatelital.com\/?p=42168","title":{"rendered":"El noroeste vivi\u00f3 una jornada completa de atenci\u00f3n municipal con la feria \u201cAqu\u00ed Mismo\u201d"},"content":{"rendered":"<p>Guayaquil.- La cooperativa San Ignacio de Loyola, en el noroeste de la ciudad, amaneci\u00f3 convertida en un gran centro de atenci\u00f3n comunitaria. Carpas m\u00e9dicas, brigadas sociales y equipos municipales ocuparon el sector y activaron una jornada que moviliz\u00f3 a cientos de vecinos del noroeste, quienes encontraron soluciones inmediatas a necesidades que ven\u00edan postergando desde hace meses.<\/p>\n<p>Hasta este punto tambi\u00e9n llegaron moradores de Nueva Prosperina y Reynaldo Qui\u00f1\u00f3nez, atra\u00eddos por la presencia de todos los servicios municipales reunidos en un solo lugar. La feria \u201cAqu\u00ed Mismo\u201d volvi\u00f3 a desplegarse en territorio y demostr\u00f3, una vez m\u00e1s, su capacidad para transformar el d\u00eda a d\u00eda de las familias.<\/p>\n<p>\u201cAqu\u00ed mismo en el sector, esto nos une m\u00e1s como comunidad, y como por parte de MSP no hay nada, muy agradecida con el Alcalde, muy agradecida, todos est\u00e1n aqu\u00ed mire, (\u2026) Salud, la ATM, todos servicios b\u00e1sicos, que a veces se dificulta acudir, por la cuesti\u00f3n del dinero, pasaje, tiempo tambi\u00e9n y que nos traigan todo de una sola vez, es muy maravilloso y aqu\u00ed mismo en el sector\u201d, Cinthya Mina, moradora del sector.<\/p>\n<p>El trabajo se desarroll\u00f3 bajo la directriz del Alcalde Aquiles Alvarez de acercar el Municipio a los barrios. Para ello, la Direcci\u00f3n de Vinculaci\u00f3n con la Comunidad coordin\u00f3 un despliegue conjunto con Urvaseo, DASE EP, Direcci\u00f3n de la Mujer, Ambiente y otras entidades que atendieron a 500 familias durante la jornada.<\/p>\n<p>Una de las historias que marc\u00f3 el d\u00eda fue la de Letty P\u00e9rez, habitante de la zona, quien recibi\u00f3 atenci\u00f3n m\u00e9dica, medicamentos y una silla de ruedas. \u201cYo muy agradecida por todo lo que aqu\u00ed mismo en nuestro sector, nos han tra\u00eddo y gracias al Alcalde por la silla\u201d. En total, DASE EP entreg\u00f3 13 sillas de ruedas, 8 bastones y 2 andadores.<\/p>\n<p>La feria no llega improvisada. Semanas antes, equipos municipales recorren cada barrio para identificar casos de discapacidad y otras necesidades prioritarias. Ese trabajo previo permite que, cuando la feria se instala, los vecinos encuentren respuestas claras y efectivas. As\u00ed ha ocurrido tambi\u00e9n en sectores como las calles 42 y la R y la cooperativa Vergeles, donde este modelo ya mostr\u00f3 resultados.<\/p>\n","protected":false},"excerpt":{"rendered":"<p>Guayaquil.- La cooperativa San Ignacio de Loyola, en el noroeste de la ciudad, amaneci\u00f3 convertida en un gran centro de atenci\u00f3n comunitaria. Carpas m\u00e9dicas, brigadas sociales y equipos municipales ocuparon el sector y activaron una jornada que moviliz\u00f3 a cientos de vecinos del noroeste, quienes encontraron soluciones inmediatas a necesidades que ven\u00edan postergando desde hace [&hellip;]<\/p>\n","protected":false},"author":2,"featured_media":42172,"comment_status":"open","ping_status":"closed","sticky":false,"template":"","format":"standard","meta":{"_jetpack_memberships_contains_paid_content":false,"footnotes":""},"categories":[33,13],"tags":[6750],"class_list":["post-42168","post","type-post","status-publish","format-standard","has-post-thumbnail","hentry","category-guayaquil","category-noticias-nacionales","tag-aqui-mismo"],"jetpack_featured_media_url":"https:\/\/radiocresatelital.com\/wp-content\/uploads\/2025\/11\/IMG-20251120-WA0095.jpg","jetpack_sharing_enabled":true,"_links":{"self":[{"href":"https:\/\/radiocresatelital.com\/index.php?rest_route=\/wp\/v2\/posts\/42168","targetHints":{"allow":["GET"]}}],"collection":[{"href":"https:\/\/radiocresatelital.com\/index.php?rest_route=\/wp\/v2\/posts"}],"about":[{"href":"https:\/\/radiocresatelital.com\/index.php?rest_route=\/wp\/v2\/types\/post"}],"author":[{"embeddable":true,"href":"https:\/\/radiocresatelital.com\/index.php?rest_route=\/wp\/v2\/users\/2"}],"replies":[{"embeddable":true,"href":"https:\/\/radiocresatelital.com\/index.php?rest_route=%2Fwp%2Fv2%2Fcomments&post=42168"}],"version-history":[{"count":1,"href":"https:\/\/radiocresatelital.com\/index.php?rest_route=\/wp\/v2\/posts\/42168\/revisions"}],"predecessor-version":[{"id":42171,"href":"https:\/\/radiocresatelital.com\/index.php?rest_route=\/wp\/v2\/posts\/42168\/revisions\/42171"}],"wp:featuredmedia":[{"embeddable":true,"href":"https:\/\/radiocresatelital.com\/index.php?rest_route=\/wp\/v2\/media\/42172"}],"wp:attachment":[{"href":"https:\/\/radiocresatelital.com\/index.php?rest_route=%2Fwp%2Fv2%2Fmedia&parent=42168"}],"wp:term":[{"taxonomy":"category","embeddable":true,"href":"https:\/\/radiocresatelital.com\/index.php?rest_route=%2Fwp%2Fv2%2Fcategories&post=42168"},{"taxonomy":"post_tag","embeddable":true,"href":"https:\/\/radiocresatelital.com\/index.php?rest_route=%2Fwp%2Fv2%2Ftags&post=42168"}],"curies":[{"name":"wp","href":"https:\/\/api.w.org\/{rel}","templated":true}]}}