{"id":42162,"date":"2025-11-20T20:20:09","date_gmt":"2025-11-20T20:20:09","guid":{"rendered":"https:\/\/radiocresatelital.com\/?p=42162"},"modified":"2025-11-20T22:24:47","modified_gmt":"2025-11-20T22:24:47","slug":"unicef-cumplamos-la-promesa-de-garantizar-los-derechos-de-todos-los-ninos-y-ninas","status":"publish","type":"post","link":"https:\/\/radiocresatelital.com\/?p=42162","title":{"rendered":"UNICEF: \u201cCumplamos la promesa de garantizar los derechos de todos los ni\u00f1os y ni\u00f1as"},"content":{"rendered":"<p>Quito.- UNICEF conmemora el D\u00eda Mundial de la Infancia con iniciativas que resaltan la urgencia de proteger y garantizar los derechos de todos los ni\u00f1os, ni\u00f1as y adolescentes en el pa\u00eds. La agenda incluye un acuerdo con la Vicepresidencia de la Rep\u00fablica; actividades participativas junto a la Alcald\u00eda de Quito en el Metro de la ciudad; la visita del experto internacional y expresidente del Comit\u00e9 de los Derechos del Ni\u00f1o, Luis Pedernera; y la elaboraci\u00f3n de una nueva edici\u00f3n de la Convenci\u00f3n sobre los Derechos del Ni\u00f1o (CDN) con ilustradores ecuatorianos.<\/p>\n<p>Este a\u00f1o se conmemoran 35 a\u00f1os desde que Ecuador ratific\u00f3 este tratado y se convirti\u00f3 en uno de los primeros pa\u00edses en asumir este compromiso hist\u00f3rico. Con la adopci\u00f3n de la CDN, el 20 de noviembre de 1989, el mundo reconoci\u00f3 por primera vez a los ni\u00f1os y ni\u00f1as como personas con plenos derechos: a la vida, a la salud, a la educaci\u00f3n, al agua segura, a la protecci\u00f3n, a la identidad, a ser escuchados, a jugar, a vivir en un ambiente limpio y a crecer libres de toda violencia y discriminaci\u00f3n.<\/p>\n<p>Sin embargo, tres d\u00e9cadas despu\u00e9s, la promesa de un mundo con derechos cumplidos para cada ni\u00f1o y ni\u00f1a a\u00fan no es una realidad para todos. Aunque el pa\u00eds ha dado pasos importantes, como reducir las muertes por causas prevenibles, erradicar enfermedades graves, lograr el acceso casi universal a la educaci\u00f3n b\u00e1sica o impulsar la lucha contra la desnutrici\u00f3n cr\u00f3nica infantil, los ni\u00f1os, ni\u00f1as y adolescentes en Ecuador a\u00fan enfrentan desaf\u00edos que exigen acciones urgentes:<br \/>\n\u2022 El 36,5% de ni\u00f1os y ni\u00f1as menores de 5 a\u00f1os vive en pobreza por ingresos, siendo \u00e9ste el grupo m\u00e1s afectado por esta situaci\u00f3n.<\/p>\n<p>\u2022 1 de cada 5 ni\u00f1os y ni\u00f1as menores de 2 a\u00f1os padece desnutrici\u00f3n cr\u00f3nica. \u2022 1 de cada 2 ni\u00f1os y ni\u00f1as menores de 5 a\u00f1os sufre maltrato f\u00edsico o psicol\u00f3gico en su hogar, el espacio donde deber\u00edan estar m\u00e1s protegidos.<\/p>\n<p>\u2022 En 2024, cada d\u00eda dieron a luz 5 ni\u00f1as de entre 10 y 14 a\u00f1os, producto de la violencia sexual. En el grupo de adolescentes de 15 a 17 a\u00f1os, se registraron 40 nacimientos diarios.<\/p>\n<p>\u201cLos desaf\u00edos que enfrenta la infancia deben interpelarnos como sociedad. Es hora de cumplir la promesa de garantizar sus derechos. Esto exige un pacto nacional que una a autoridades, comunidades, organizaciones, empresas y familias en un mismo prop\u00f3sito: poner a los ni\u00f1os y ni\u00f1as primero. Cuando un pa\u00eds protege a su ni\u00f1ez, invierte en su bienestar, en su capital humano y en la seguridad de su futuro\u201d, afirma Arturo Romboli, Representante de UNICEF en Ecuador.<\/p>\n<p><strong>Nuevo acuerdo por la infancia con la Vicepresidencia<\/strong><br \/>\nEn el marco del #20N, UNICEF firma un nuevo acuerdo con la Vicepresidencia de la Rep\u00fablica para continuar trabajando en conjunto por el desarrollo de la primera infancia, la prevenci\u00f3n y erradicaci\u00f3n de la desnutrici\u00f3n cr\u00f3nica infantil, la prevenci\u00f3n del embarazo adolescente, la promoci\u00f3n de la salud mental y el fortalecimiento de la educaci\u00f3n intercultural biling\u00fce. La Alcald\u00eda de Quito, el Metro y UNICEF se unen por la ni\u00f1ez<\/p>\n<p>Por el D\u00eda Mundial de la Infancia, en alianza con la Alcald\u00eda de Quito y la empresa p\u00fablica metropolitana Metro de Quito, UNICEF realiz\u00f3 un evento conmemorativo en la estaci\u00f3n San Francisco, en el centro hist\u00f3rico de la capital, donde las autoridades destacaron la importancia de construir una ciudad donde los ni\u00f1os y ni\u00f1as puedan crecer seguros, disfrutar plenamente de los espacios p\u00fablicos \u2014como parques, plazas y el transporte\u2014 y acceder a los servicios que necesitan para desarrollarse.<\/p>\n<p>Durante toda la ma\u00f1ana del jueves 20 de noviembre, en las estaciones de Quitumbe, San Francisco y El Labrador, as\u00ed como en los vagones del Metro de Quito, educadores y gu\u00edas compartieron informaci\u00f3n sobre los derechos de la ni\u00f1ez. Tambi\u00e9n promocionaron Wawamor, una aplicaci\u00f3n gratuita desarrollada por UNICEF en alianza con el Municipio de Quito, en el marco de la Pol\u00edtica Metropolitana de Primera Infancia, que acompa\u00f1a a las familias en la crianza de ni\u00f1os y ni\u00f1as de 0 a 6 a\u00f1os.<\/p>\n<p>Visita del experto Luis Pedernera, expresidente del Comit\u00e9 de los Derechos del Ni\u00f1o El experto uruguayo visitar\u00e1 el pa\u00eds la semana del 24 de noviembre para realizar talleres sobre protecci\u00f3n de derechos de la ni\u00f1ez, con organizaciones socias de UNICEF e instituciones del Estado. Tambi\u00e9n dar\u00e1 una conferencia magistral en la Canciller\u00eda y trabajar\u00e1 con el personal de distintos ministerios para analizar las recomendaciones que emiti\u00f3 el Comit\u00e9 de los Derechos del Ni\u00f1o en enero de este a\u00f1o y trazar una ruta que permita su implementaci\u00f3n.<\/p>\n<p><strong>Derechos de la infancia ilustrados por artistas<\/strong><br \/>\nUNICEF est\u00e1 trabajando en una nueva edici\u00f3n ilustrada de la Convenci\u00f3n sobre los Derechos del Ni\u00f1o, con la participaci\u00f3n de artistas ecuatorianos. Esta propuesta busca inspirar, sensibilizar y renovar el compromiso colectivo con la infancia. Como parte del proceso, en las redes sociales de UNICEF Ecuador en Facebook e Instagram, los usuarios pueden votar por su ilustraci\u00f3n favorita para la portada de la publicaci\u00f3n<\/p>\n","protected":false},"excerpt":{"rendered":"<p>Quito.- UNICEF conmemora el D\u00eda Mundial de la Infancia con iniciativas que resaltan la urgencia de proteger y garantizar los derechos de todos los ni\u00f1os, ni\u00f1as y adolescentes en el pa\u00eds. La agenda incluye un acuerdo con la Vicepresidencia de la Rep\u00fablica; actividades participativas junto a la Alcald\u00eda de Quito en el Metro de la [&hellip;]<\/p>\n","protected":false},"author":2,"featured_media":42163,"comment_status":"open","ping_status":"closed","sticky":false,"template":"","format":"standard","meta":{"_jetpack_memberships_contains_paid_content":false,"footnotes":""},"categories":[13],"tags":[706],"class_list":["post-42162","post","type-post","status-publish","format-standard","has-post-thumbnail","hentry","category-noticias-nacionales","tag-unicef"],"jetpack_featured_media_url":"https:\/\/radiocresatelital.com\/wp-content\/uploads\/2025\/11\/1.2.-Arturo-Romboli-Representante-de-UNICEF-scaled.jpg","jetpack_sharing_enabled":true,"_links":{"self":[{"href":"https:\/\/radiocresatelital.com\/index.php?rest_route=\/wp\/v2\/posts\/42162","targetHints":{"allow":["GET"]}}],"collection":[{"href":"https:\/\/radiocresatelital.com\/index.php?rest_route=\/wp\/v2\/posts"}],"about":[{"href":"https:\/\/radiocresatelital.com\/index.php?rest_route=\/wp\/v2\/types\/post"}],"author":[{"embeddable":true,"href":"https:\/\/radiocresatelital.com\/index.php?rest_route=\/wp\/v2\/users\/2"}],"replies":[{"embeddable":true,"href":"https:\/\/radiocresatelital.com\/index.php?rest_route=%2Fwp%2Fv2%2Fcomments&post=42162"}],"version-history":[{"count":1,"href":"https:\/\/radiocresatelital.com\/index.php?rest_route=\/wp\/v2\/posts\/42162\/revisions"}],"predecessor-version":[{"id":42164,"href":"https:\/\/radiocresatelital.com\/index.php?rest_route=\/wp\/v2\/posts\/42162\/revisions\/42164"}],"wp:featuredmedia":[{"embeddable":true,"href":"https:\/\/radiocresatelital.com\/index.php?rest_route=\/wp\/v2\/media\/42163"}],"wp:attachment":[{"href":"https:\/\/radiocresatelital.com\/index.php?rest_route=%2Fwp%2Fv2%2Fmedia&parent=42162"}],"wp:term":[{"taxonomy":"category","embeddable":true,"href":"https:\/\/radiocresatelital.com\/index.php?rest_route=%2Fwp%2Fv2%2Fcategories&post=42162"},{"taxonomy":"post_tag","embeddable":true,"href":"https:\/\/radiocresatelital.com\/index.php?rest_route=%2Fwp%2Fv2%2Ftags&post=42162"}],"curies":[{"name":"wp","href":"https:\/\/api.w.org\/{rel}","templated":true}]}}