{"id":42159,"date":"2025-11-20T19:17:16","date_gmt":"2025-11-20T19:17:16","guid":{"rendered":"https:\/\/radiocresatelital.com\/?p=42159"},"modified":"2025-11-20T22:19:17","modified_gmt":"2025-11-20T22:19:17","slug":"ecuasanitas-impulsa-nuevos-paquetes-de-terapias-psicologicas-y-psicopedagogicas","status":"publish","type":"post","link":"https:\/\/radiocresatelital.com\/?p=42159","title":{"rendered":"Ecuasanitas impulsa nuevos paquetes de terapias psicol\u00f3gicas y psicopedag\u00f3gicas"},"content":{"rendered":"<p>Quito.- Consciente de la importancia de la salud emocional como parte del bienestar integral, Ecuasanitas, en alianza con PraxMED, presenta su nueva oferta de paquetes de terapias psicol\u00f3gicas y psicopedag\u00f3gicas, dise\u00f1ados para adaptarse a distintas necesidades y etapas de vida. Esta iniciativa busca brindar respaldo profesional y acompa\u00f1amiento a quienes desean iniciar o continuar un proceso terap\u00e9utico, ya sea a nivel individual, familiar o de pareja.<\/p>\n<p>Los paquetes de psicolog\u00eda llevan nombres inspirados en los elementos naturales: Tierra, Agua, Fuego y Aire, y contemplan entre 10 y 60 sesiones, con una vigencia de 3 a 6 meses. De igual manera los de psicopedagog\u00eda (Crea, Sue\u00f1a, Transforma y Trasciende) siguen la misma estructura. Cada sesi\u00f3n tiene una duraci\u00f3n de 45 minutos y puede compartirse entre hasta cinco beneficiarios registrados, sin importar su grado de parentesco.<\/p>\n<p>Los precios van desde $140 hasta $600 (correspondientes al costo total de cada paquete), dependiendo del paquete seleccionado. La activaci\u00f3n se realiza en un plazo m\u00e1ximo de 24 horas laborables tras la compra, y el agendamiento de citas se gestiona v\u00eda telef\u00f3nica. No es necesario contar con pedido m\u00e9dico para adquirirlos.<\/p>\n<p>La atenci\u00f3n se brinda exclusivamente en modalidad presencial, en los centros PraxMED de Quito y Guayaquil, donde profesionales calificados garantizan procesos terap\u00e9uticos personalizados y confidenciales. La prestaci\u00f3n del servicio se realiza presentando la c\u00e9dula del titular y de los beneficiarios registrados.<\/p>\n<p>\u201cQueremos que m\u00e1s personas vivan sus procesos con respaldo profesional, sin barreras ni complicaciones. En Ecuasanitas creemos firmemente en que el bienestar emocional es un derecho y por eso dise\u00f1amos paquetes accesibles, pr\u00e1cticos y con alto est\u00e1ndar de calidad\u201d, se\u00f1al\u00f3 Jean Paul Rodr\u00edguez, Gerente Nacional Comercial de Ecuasanitas.<\/p>\n<p>Ecuasanitas reafirma su prop\u00f3sito de acompa\u00f1ar a sus afiliados y a la comunidad en el camino hacia un bienestar integral, brindando soluciones innovadoras, humanas y enfocadas en las necesidades reales de las personas.<\/p>\n","protected":false},"excerpt":{"rendered":"<p>Quito.- Consciente de la importancia de la salud emocional como parte del bienestar integral, Ecuasanitas, en alianza con PraxMED, presenta su nueva oferta de paquetes de terapias psicol\u00f3gicas y psicopedag\u00f3gicas, dise\u00f1ados para adaptarse a distintas necesidades y etapas de vida. Esta iniciativa busca brindar respaldo profesional y acompa\u00f1amiento a quienes desean iniciar o continuar un [&hellip;]<\/p>\n","protected":false},"author":2,"featured_media":42160,"comment_status":"open","ping_status":"closed","sticky":false,"template":"","format":"standard","meta":{"_jetpack_memberships_contains_paid_content":false,"footnotes":""},"categories":[13],"tags":[5687],"class_list":["post-42159","post","type-post","status-publish","format-standard","has-post-thumbnail","hentry","category-noticias-nacionales","tag-ecuasanitas"],"jetpack_featured_media_url":"https:\/\/radiocresatelital.com\/wp-content\/uploads\/2025\/11\/WhatsApp-Image-2025-11-19-at-15.05.58.jpeg","jetpack_sharing_enabled":true,"_links":{"self":[{"href":"https:\/\/radiocresatelital.com\/index.php?rest_route=\/wp\/v2\/posts\/42159","targetHints":{"allow":["GET"]}}],"collection":[{"href":"https:\/\/radiocresatelital.com\/index.php?rest_route=\/wp\/v2\/posts"}],"about":[{"href":"https:\/\/radiocresatelital.com\/index.php?rest_route=\/wp\/v2\/types\/post"}],"author":[{"embeddable":true,"href":"https:\/\/radiocresatelital.com\/index.php?rest_route=\/wp\/v2\/users\/2"}],"replies":[{"embeddable":true,"href":"https:\/\/radiocresatelital.com\/index.php?rest_route=%2Fwp%2Fv2%2Fcomments&post=42159"}],"version-history":[{"count":1,"href":"https:\/\/radiocresatelital.com\/index.php?rest_route=\/wp\/v2\/posts\/42159\/revisions"}],"predecessor-version":[{"id":42161,"href":"https:\/\/radiocresatelital.com\/index.php?rest_route=\/wp\/v2\/posts\/42159\/revisions\/42161"}],"wp:featuredmedia":[{"embeddable":true,"href":"https:\/\/radiocresatelital.com\/index.php?rest_route=\/wp\/v2\/media\/42160"}],"wp:attachment":[{"href":"https:\/\/radiocresatelital.com\/index.php?rest_route=%2Fwp%2Fv2%2Fmedia&parent=42159"}],"wp:term":[{"taxonomy":"category","embeddable":true,"href":"https:\/\/radiocresatelital.com\/index.php?rest_route=%2Fwp%2Fv2%2Fcategories&post=42159"},{"taxonomy":"post_tag","embeddable":true,"href":"https:\/\/radiocresatelital.com\/index.php?rest_route=%2Fwp%2Fv2%2Ftags&post=42159"}],"curies":[{"name":"wp","href":"https:\/\/api.w.org\/{rel}","templated":true}]}}