{"id":42153,"date":"2025-11-20T22:14:22","date_gmt":"2025-11-20T22:14:22","guid":{"rendered":"https:\/\/radiocresatelital.com\/?p=42153"},"modified":"2025-11-20T22:14:32","modified_gmt":"2025-11-20T22:14:32","slug":"ruta-de-la-infancia-feliz-lleno-de-valores-y-aprendizajes-a-ninos-del-centro-municipal-de-cuidado-infantil","status":"publish","type":"post","link":"https:\/\/radiocresatelital.com\/?p=42153","title":{"rendered":"Ruta de la Infancia Feliz llen\u00f3 de valores y aprendizajes a ni\u00f1os del Centro Municipal de Cuidado Infantil"},"content":{"rendered":"<p>Guayaquil.- El Centro Municipal de Cuidado Infantil Las Orqu\u00eddeas celebr\u00f3 el D\u00eda Mundial de la Infancia con la Ruta de la Infancia Feliz, una experiencia que transform\u00f3 sus aulas en un recorrido simulado en tren. Los 54 ni\u00f1os y ni\u00f1as, acompa\u00f1ados de sus padres, pasaron por cinco estaciones tem\u00e1ticas dise\u00f1adas para destacar los pilares esenciales del desarrollo infantil.<\/p>\n<p>Los peque\u00f1os viajaron en vagones decorativos hacia estaciones que representaron valores, nutrici\u00f3n, sue\u00f1os, juego y familia. El trayecto inici\u00f3 con \u201cLos Valores que me Acompa\u00f1an\u201d, donde se promovieron principios como respeto, amor, empat\u00eda, solidaridad y responsabilidad.<\/p>\n<p>Luego avanzaron hacia \u201cNutre tu Futuro\u201d, un espacio dedicado a la alimentaci\u00f3n saludable; y en \u201cHistorias con Coraz\u00f3n\u201d escucharon lecturas con t\u00edteres y libros ilustrados sobre derechos, valores y sue\u00f1os. La din\u00e1mica continu\u00f3 en \u201cJuego y Aprendo\u201d, enfocada en potenciar destrezas y habilidades, y culmin\u00f3 en \u201cMi Familia es Refugio\u201d, donde fotograf\u00edas familiares estimularon la creaci\u00f3n de v\u00ednculos afectivos.<\/p>\n<p>El sistema municipal cuenta con dos centros adicionales: uno en El Guasmo (cooperativa 1 de Mayo) y otro en el sector de La Bah\u00eda. En estos espacios se brinda alimentaci\u00f3n gratuita y cuidado a ni\u00f1os cuyos padres trabajan y requieren un lugar seguro donde dejarlos.<\/p>\n<p>Allison Villegas, moradora de la ciudadela Huancavilca Norte, inscrita en el centro desde su inauguraci\u00f3n, resalt\u00f3 la utilidad del servicio para su familia. Cont\u00f3 que decidi\u00f3 acudir porque tiene un ni\u00f1o de dos a\u00f1os y tanto ella como su esposo trabajan. \u201cAyudan a los ni\u00f1os en la integraci\u00f3n, con otras personas, no solo con el c\u00edrculo familiar y eso es muy bueno para el desarrollo de ellos, aprenden much\u00edsimo. Es importante el servicio, porque a veces uno no puede trabajar por miedo a no saber d\u00f3nde tener a sus hijos, pero aqu\u00ed est\u00e1n a buen recaudo\u201d, mencion\u00f3.<\/p>\n<p>Los Centros Municipales de Cuidado Infantil fortalecen habilidades socioemocionales, motoras y cognitivas, adem\u00e1s de promover h\u00e1bitos saludables mediante actividades l\u00fadicas, educativas y familiares que sensibilizan a la comunidad sobre la importancia de proteger a la ni\u00f1ez desde sus primeros a\u00f1os<\/p>\n","protected":false},"excerpt":{"rendered":"<p>Guayaquil.- El Centro Municipal de Cuidado Infantil Las Orqu\u00eddeas celebr\u00f3 el D\u00eda Mundial de la Infancia con la Ruta de la Infancia Feliz, una experiencia que transform\u00f3 sus aulas en un recorrido simulado en tren. Los 54 ni\u00f1os y ni\u00f1as, acompa\u00f1ados de sus padres, pasaron por cinco estaciones tem\u00e1ticas dise\u00f1adas para destacar los pilares esenciales [&hellip;]<\/p>\n","protected":false},"author":2,"featured_media":42154,"comment_status":"open","ping_status":"closed","sticky":false,"template":"","format":"standard","meta":{"_jetpack_memberships_contains_paid_content":false,"footnotes":""},"categories":[33,13],"tags":[6748,6749],"class_list":["post-42153","post","type-post","status-publish","format-standard","has-post-thumbnail","hentry","category-guayaquil","category-noticias-nacionales","tag-centro-municipal-de-cuidado-infantil-las-orquideas","tag-dia-mundial-de-la-infancia"],"jetpack_featured_media_url":"https:\/\/radiocresatelital.com\/wp-content\/uploads\/2025\/11\/IMG-20251120-WA0059-scaled.jpg","jetpack_sharing_enabled":true,"_links":{"self":[{"href":"https:\/\/radiocresatelital.com\/index.php?rest_route=\/wp\/v2\/posts\/42153","targetHints":{"allow":["GET"]}}],"collection":[{"href":"https:\/\/radiocresatelital.com\/index.php?rest_route=\/wp\/v2\/posts"}],"about":[{"href":"https:\/\/radiocresatelital.com\/index.php?rest_route=\/wp\/v2\/types\/post"}],"author":[{"embeddable":true,"href":"https:\/\/radiocresatelital.com\/index.php?rest_route=\/wp\/v2\/users\/2"}],"replies":[{"embeddable":true,"href":"https:\/\/radiocresatelital.com\/index.php?rest_route=%2Fwp%2Fv2%2Fcomments&post=42153"}],"version-history":[{"count":1,"href":"https:\/\/radiocresatelital.com\/index.php?rest_route=\/wp\/v2\/posts\/42153\/revisions"}],"predecessor-version":[{"id":42155,"href":"https:\/\/radiocresatelital.com\/index.php?rest_route=\/wp\/v2\/posts\/42153\/revisions\/42155"}],"wp:featuredmedia":[{"embeddable":true,"href":"https:\/\/radiocresatelital.com\/index.php?rest_route=\/wp\/v2\/media\/42154"}],"wp:attachment":[{"href":"https:\/\/radiocresatelital.com\/index.php?rest_route=%2Fwp%2Fv2%2Fmedia&parent=42153"}],"wp:term":[{"taxonomy":"category","embeddable":true,"href":"https:\/\/radiocresatelital.com\/index.php?rest_route=%2Fwp%2Fv2%2Fcategories&post=42153"},{"taxonomy":"post_tag","embeddable":true,"href":"https:\/\/radiocresatelital.com\/index.php?rest_route=%2Fwp%2Fv2%2Ftags&post=42153"}],"curies":[{"name":"wp","href":"https:\/\/api.w.org\/{rel}","templated":true}]}}