{"id":42148,"date":"2025-11-20T21:55:12","date_gmt":"2025-11-20T21:55:12","guid":{"rendered":"https:\/\/radiocresatelital.com\/?p=42148"},"modified":"2025-11-20T21:55:12","modified_gmt":"2025-11-20T21:55:12","slug":"mit-extiende-el-plazo-para-la-presentacion-de-ofertas-de-la-via-cuenca-molleturo-el-empalme","status":"publish","type":"post","link":"https:\/\/radiocresatelital.com\/?p=42148","title":{"rendered":"MIT extiende el plazo para la presentaci\u00f3n de ofertas de la v\u00eda Cuenca \u2013 Molleturo \u2013 El Empalme"},"content":{"rendered":"<p>Cuenca.- El Ministerio de Infraestructura y Transporte (MIT) informa a las empresas nacionales e internacionales que la nueva fecha l\u00edmite para la presentaci\u00f3n de ofertas para la \u201cRehabilitaci\u00f3n de la v\u00eda Cuenca \u2013 Molleturo \u2013 El Empalme, incluye sitios cr\u00edticos, ubicada en las provincias de Azuay y Guayas\u201d, c\u00f3digo SDO: EC-MTOP-513531-CW-RFB, ser\u00e1 el 10 de diciembre de 2025, hasta las 09h00.<\/p>\n<p>Este proyecto, financiado por el Banco Mundial (Pr\u00e9stamo N.\u00ba 9555-EC), busca garantizar la continuidad y seguridad de un corredor estrat\u00e9gico que conecta la Sierra y la Costa. La intervenci\u00f3n contempla la rehabilitaci\u00f3n de 113 km, el mejoramiento de puntos cr\u00edticos y el fortalecimiento de la seguridad vial, con \u00e9nfasis en el manejo adecuado del agua, estabilidad y se\u00f1alizaci\u00f3n.<\/p>\n<p>El dise\u00f1o incorpora soluciones de ingenier\u00eda alineadas a est\u00e1ndares internacionales, manteniendo un enfoque pr\u00e1ctico y competitivo que facilita la participaci\u00f3n de diversos oferentes. La obra cumplir\u00e1 par\u00e1metros ambientales y sociales acordes a las zonas sensibles que atraviesa este corredor.<\/p>\n<p><strong>Confidencialidad del monto referencial<\/strong><br \/>\nEl MIT recuerda a los oferentes y medios de comunicaci\u00f3n que, conforme a las Regulaciones de Adquisiciones del Banco Mundial, no se permite divulgar el monto referencial en procesos de contrataci\u00f3n bajo este marco. Esta confidencialidad garantiza:<br \/>\n\u2022 La libre y justa competencia entre oferentes.<br \/>\n\u2022 La transparencia del proceso.<br \/>\n\u2022 La obtenci\u00f3n del mejor valor por dinero para el Estado ecuatoriano.<\/p>\n<p><strong>Informaci\u00f3n actualizada de la licitaci\u00f3n<\/strong><br \/>\n\u2022 Fecha l\u00edmite de entrega: 10 de diciembre de 2025, hasta las 09h00<br \/>\n\u2022 Lugar de recepci\u00f3n: Juan Le\u00f3n Mera N26-220 y Av. Orellana, piso 17, Quito<br \/>\n\u2022 Apertura p\u00fablica: 10 de diciembre de 2025, a las 09h15, en el Auditorio del MIT<br \/>\n\u2022 Presentaci\u00f3n electr\u00f3nica: No permitida<\/p>\n<p>Los documentos oficiales del proceso pueden descargarse en: www.mit.gob.ec\/licitacion-de-obras-m<\/p>\n","protected":false},"excerpt":{"rendered":"<p>Cuenca.- El Ministerio de Infraestructura y Transporte (MIT) informa a las empresas nacionales e internacionales que la nueva fecha l\u00edmite para la presentaci\u00f3n de ofertas para la \u201cRehabilitaci\u00f3n de la v\u00eda Cuenca \u2013 Molleturo \u2013 El Empalme, incluye sitios cr\u00edticos, ubicada en las provincias de Azuay y Guayas\u201d, c\u00f3digo SDO: EC-MTOP-513531-CW-RFB, ser\u00e1 el 10 de [&hellip;]<\/p>\n","protected":false},"author":2,"featured_media":42149,"comment_status":"open","ping_status":"closed","sticky":false,"template":"","format":"standard","meta":{"_jetpack_memberships_contains_paid_content":false,"footnotes":""},"categories":[13],"tags":[5980],"class_list":["post-42148","post","type-post","status-publish","format-standard","has-post-thumbnail","hentry","category-noticias-nacionales","tag-ministerio-de-infraestructura-y-transporte"],"jetpack_featured_media_url":"https:\/\/radiocresatelital.com\/wp-content\/uploads\/2025\/11\/4972418153119943536.jpg","jetpack_sharing_enabled":true,"_links":{"self":[{"href":"https:\/\/radiocresatelital.com\/index.php?rest_route=\/wp\/v2\/posts\/42148","targetHints":{"allow":["GET"]}}],"collection":[{"href":"https:\/\/radiocresatelital.com\/index.php?rest_route=\/wp\/v2\/posts"}],"about":[{"href":"https:\/\/radiocresatelital.com\/index.php?rest_route=\/wp\/v2\/types\/post"}],"author":[{"embeddable":true,"href":"https:\/\/radiocresatelital.com\/index.php?rest_route=\/wp\/v2\/users\/2"}],"replies":[{"embeddable":true,"href":"https:\/\/radiocresatelital.com\/index.php?rest_route=%2Fwp%2Fv2%2Fcomments&post=42148"}],"version-history":[{"count":1,"href":"https:\/\/radiocresatelital.com\/index.php?rest_route=\/wp\/v2\/posts\/42148\/revisions"}],"predecessor-version":[{"id":42150,"href":"https:\/\/radiocresatelital.com\/index.php?rest_route=\/wp\/v2\/posts\/42148\/revisions\/42150"}],"wp:featuredmedia":[{"embeddable":true,"href":"https:\/\/radiocresatelital.com\/index.php?rest_route=\/wp\/v2\/media\/42149"}],"wp:attachment":[{"href":"https:\/\/radiocresatelital.com\/index.php?rest_route=%2Fwp%2Fv2%2Fmedia&parent=42148"}],"wp:term":[{"taxonomy":"category","embeddable":true,"href":"https:\/\/radiocresatelital.com\/index.php?rest_route=%2Fwp%2Fv2%2Fcategories&post=42148"},{"taxonomy":"post_tag","embeddable":true,"href":"https:\/\/radiocresatelital.com\/index.php?rest_route=%2Fwp%2Fv2%2Ftags&post=42148"}],"curies":[{"name":"wp","href":"https:\/\/api.w.org\/{rel}","templated":true}]}}