{"id":42142,"date":"2025-11-20T21:48:54","date_gmt":"2025-11-20T21:48:54","guid":{"rendered":"https:\/\/radiocresatelital.com\/?p=42142"},"modified":"2025-11-20T22:10:43","modified_gmt":"2025-11-20T22:10:43","slug":"guayas-tiene-nuevo-gobernador-e-inicia-una-etapa-de-orden-trabajo-y-esperanza","status":"publish","type":"post","link":"https:\/\/radiocresatelital.com\/?p=42142","title":{"rendered":"Guayas tiene nuevo Gobernador e inicia una etapa de orden, trabajo y esperanza"},"content":{"rendered":"<p>Guayaquil.- En el marco del primer Ejecutivo Desconcentrado que reuni\u00f3 a todas las carteras de Estado, el Gobierno Nacional present\u00f3 oficialmente al nuevo Gobernador del Guayas, Jos\u00e9 Ignacio Ar\u00e9valo Santana, dando paso a una etapa decisiva para el fortalecimiento institucional y territorial de la provincia.<\/p>\n<p>La ministra de Desarrollo Humano, Zaida Rovira, encabez\u00f3 la presentaci\u00f3n ante los medios de comunicaci\u00f3n, destacando el compromiso del Gobierno por reforzar la presencia del Estado en territorio y garantizar resultados concretos para las familias guayasenses.<\/p>\n<p>Durante su intervenci\u00f3n, el flamante Gobernador deline\u00f3 los tres ejes que marcar\u00e1n su gesti\u00f3n:<br \/>\n\u2022 Fortalecimiento de la seguridad ciudadana, con operativos coordinados, presencia permanente en zonas cr\u00edticas y acciones preventivas junto a la comunidad para recuperar el orden y la tranquilidad.<\/p>\n<p>\u2022 Reconstrucci\u00f3n del tejido social, mediante programas culturales, deportivos, juveniles y comunitarios que devuelvan cohesi\u00f3n, participaci\u00f3n y esperanza a la ciudadan\u00eda.<\/p>\n<p>\u2022 Recuperaci\u00f3n de la institucionalidad de la Gobernaci\u00f3n, impulsando procesos transparentes, decisiones t\u00e9cnicas y una atenci\u00f3n p\u00fablica digna, eficiente y orientada a resultados.<\/p>\n<p>Ar\u00e9valo reafirm\u00f3 su compromiso de trabajar de manera articulada con el presidente Daniel Noboa, se\u00f1alando que \u201cel Guayas no est\u00e1 solo\u201d y que esta designaci\u00f3n representa un mensaje claro de liderazgo, reconstrucci\u00f3n y acci\u00f3n<br \/>\npara toda la provincia.<\/p>\n<p>Con esta presentaci\u00f3n oficial, el Gobierno ratifica su voluntad de avanzar con firmeza hacia un Guayas m\u00e1s seguro, organizado y unido, respondiendo a las necesidades reales de la ciudadan\u00eda y consolidando un Estado presente en<br \/>\nterritorio.<\/p>\n","protected":false},"excerpt":{"rendered":"<p>Guayaquil.- En el marco del primer Ejecutivo Desconcentrado que reuni\u00f3 a todas las carteras de Estado, el Gobierno Nacional present\u00f3 oficialmente al nuevo Gobernador del Guayas, Jos\u00e9 Ignacio Ar\u00e9valo Santana, dando paso a una etapa decisiva para el fortalecimiento institucional y territorial de la provincia. La ministra de Desarrollo Humano, Zaida Rovira, encabez\u00f3 la presentaci\u00f3n [&hellip;]<\/p>\n","protected":false},"author":2,"featured_media":42152,"comment_status":"open","ping_status":"closed","sticky":false,"template":"","format":"standard","meta":{"_jetpack_memberships_contains_paid_content":false,"footnotes":""},"categories":[13],"tags":[1370,6747],"class_list":["post-42142","post","type-post","status-publish","format-standard","has-post-thumbnail","hentry","category-noticias-nacionales","tag-gobernador-del-guayas","tag-jose-ignacio-arevalo-santana"],"jetpack_featured_media_url":"https:\/\/radiocresatelital.com\/wp-content\/uploads\/2025\/11\/IMG_9010-scaled.jpeg","jetpack_sharing_enabled":true,"_links":{"self":[{"href":"https:\/\/radiocresatelital.com\/index.php?rest_route=\/wp\/v2\/posts\/42142","targetHints":{"allow":["GET"]}}],"collection":[{"href":"https:\/\/radiocresatelital.com\/index.php?rest_route=\/wp\/v2\/posts"}],"about":[{"href":"https:\/\/radiocresatelital.com\/index.php?rest_route=\/wp\/v2\/types\/post"}],"author":[{"embeddable":true,"href":"https:\/\/radiocresatelital.com\/index.php?rest_route=\/wp\/v2\/users\/2"}],"replies":[{"embeddable":true,"href":"https:\/\/radiocresatelital.com\/index.php?rest_route=%2Fwp%2Fv2%2Fcomments&post=42142"}],"version-history":[{"count":1,"href":"https:\/\/radiocresatelital.com\/index.php?rest_route=\/wp\/v2\/posts\/42142\/revisions"}],"predecessor-version":[{"id":42144,"href":"https:\/\/radiocresatelital.com\/index.php?rest_route=\/wp\/v2\/posts\/42142\/revisions\/42144"}],"wp:featuredmedia":[{"embeddable":true,"href":"https:\/\/radiocresatelital.com\/index.php?rest_route=\/wp\/v2\/media\/42152"}],"wp:attachment":[{"href":"https:\/\/radiocresatelital.com\/index.php?rest_route=%2Fwp%2Fv2%2Fmedia&parent=42142"}],"wp:term":[{"taxonomy":"category","embeddable":true,"href":"https:\/\/radiocresatelital.com\/index.php?rest_route=%2Fwp%2Fv2%2Fcategories&post=42142"},{"taxonomy":"post_tag","embeddable":true,"href":"https:\/\/radiocresatelital.com\/index.php?rest_route=%2Fwp%2Fv2%2Ftags&post=42142"}],"curies":[{"name":"wp","href":"https:\/\/api.w.org\/{rel}","templated":true}]}}