{"id":42135,"date":"2025-11-20T21:40:24","date_gmt":"2025-11-20T21:40:24","guid":{"rendered":"https:\/\/radiocresatelital.com\/?p=42135"},"modified":"2025-11-20T21:40:33","modified_gmt":"2025-11-20T21:40:33","slug":"en-guayaquil-prefectas-marcela-aguinaga-y-lourdes-tiban-cumplen-encuentro-de-trabajo-por-la-mancomunidad-de-la-cuenca-del-rio-guayas","status":"publish","type":"post","link":"https:\/\/radiocresatelital.com\/?p=42135","title":{"rendered":"En Guayaquil, prefectas Marcela Agui\u00f1aga y Lourdes Tib\u00e1n cumplen encuentro de trabajo por la Mancomunidad de la cuenca del r\u00edo Guayas"},"content":{"rendered":"<p><span style=\"font-weight: 400;\">Guayaquil.- La Mancomunidad por el rescate de la cuenca del r\u00edo Guayas es ya una causa com\u00fan. As\u00ed lo demuestra la visita de la prefecta de Cotopaxi, Lourdes Tib\u00e1n, quien respondi\u00f3 al llamado de su hom\u00f3loga Marcela Agui\u00f1aga para cumplir un encuentro de trabajo en Guayaquil. Esto luego de la firma del convenio donde 7 prefecturas (Guayas, Ca\u00f1ar, Los R\u00edos, Manab\u00ed, Bol\u00edvar, Cotopaxi y Chimborazo) se comprometieron a trabajar en conjunto para reducir la erosi\u00f3n y proteger la cuenca y sus microcuencas.<\/span><\/p>\n<p><span style=\"font-weight: 400;\">\u201cHemos suscrito el convenio (durante la sesi\u00f3n por los 205 a\u00f1os de la Provincia), que fue dirigido al Registro Oficial y el Consejo Nacional de Competencias, con lo cual tendr\u00edamos vida jur\u00eddica plena y nos incorporaremos en una Unidad Ejecutora. Agradezco la madurez de Lourdes. Nosotros hemos dejado de lado nuestras camisetas pol\u00edticas y nos hemos puesto la camiseta de una causa que debe llevarnos a trabajar en conjunto y en equipo: la cuenca del r\u00edo Guayas por el bien del Ecuador\u201d, sostuvo Agui\u00f1aga durante un recorrido por el r\u00edo.<\/span><\/p>\n<p><span style=\"font-weight: 400;\">La prefecta Tib\u00e1n reconoci\u00f3 la importancia de trabajar articuladamente y de este paso inicial que ha dado su compa\u00f1era de Guayas. \u201cAgradezco la invitaci\u00f3n de Marcela. Estamos aqu\u00ed para ser parte de esta Mancomunidad y para empezar a trabajar\u201d, sostuvo.<\/span><\/p>\n<p><span style=\"font-weight: 400;\">La idea, seg\u00fan la Prefecta Agui\u00f1aga, es trabajar de inmediato y articular acciones sostenibles para combatir las causas que generan la sedimentaci\u00f3n. Como, por ejemplo, la reforestaci\u00f3n de 15.000 hect\u00e1reas con especies nativas, recuperar el 25% de las \u00e1reas deforestadas, prevenir la contaminaci\u00f3n en cuerpos h\u00eddricos con municipios y llevar adelante tecnolog\u00edas m\u00e1s eficientes de riego, que permitan innovar en el \u00e1mbito de productividad y otros factores. \u00a0\u201cLa Prefectura del Guayas viene invirtiendo importantes recursos en recuperar nuestra cuenca. Sin embargo, mientras no detengamos los factores y las causas de inicio o el origen de la sedimentaci\u00f3n ser\u00e1n esfuerzos diluidos y recursos perdidos y no tendremos impactos importantes\u201d, justific\u00f3.<\/span><\/p>\n<p><span style=\"font-weight: 400;\">En t\u00e9rminos generales, la m\u00e1xima autoridad de Guayas revel\u00f3 que el proyecto, de forma integral, superar\u00eda los USD 400 millones para ejecutar acciones de riego, saneamiento, reforestaci\u00f3n, procesos productivos, entre otros, y que se buscar\u00eda un canje de deuda por naturaleza, tal como lo hizo El Salvador. Anunci\u00f3 tambi\u00e9n que Guayas est\u00e1 poniendo el financiamiento inicial de la Unidad Ejecutora, que bordea los USD 100.000 para su operatividad, adem\u00e1s de poder concretar una asistencia t\u00e9cnica no reembolsable de USD 450.00 por parte de la CAF, lo que permitir\u00eda arrancar con los proyectos de acuerdo a las realidades de cada provincia.<\/span><\/p>\n","protected":false},"excerpt":{"rendered":"<p>Guayaquil.- La Mancomunidad por el rescate de la cuenca del r\u00edo Guayas es ya una causa com\u00fan. As\u00ed lo demuestra la visita de la prefecta de Cotopaxi, Lourdes Tib\u00e1n, quien respondi\u00f3 al llamado de su hom\u00f3loga Marcela Agui\u00f1aga para cumplir un encuentro de trabajo en Guayaquil. Esto luego de la firma del convenio donde 7 [&hellip;]<\/p>\n","protected":false},"author":2,"featured_media":42136,"comment_status":"open","ping_status":"closed","sticky":false,"template":"","format":"standard","meta":{"_jetpack_memberships_contains_paid_content":false,"footnotes":""},"categories":[13],"tags":[6746,2699],"class_list":["post-42135","post","type-post","status-publish","format-standard","has-post-thumbnail","hentry","category-noticias-nacionales","tag-lourdes-tiban","tag-prefecta-marcela-aguinaga"],"jetpack_featured_media_url":"https:\/\/radiocresatelital.com\/wp-content\/uploads\/2025\/11\/WhatsApp-Image-2025-11-20-at-14.25.05-1-scaled.jpeg","jetpack_sharing_enabled":true,"_links":{"self":[{"href":"https:\/\/radiocresatelital.com\/index.php?rest_route=\/wp\/v2\/posts\/42135","targetHints":{"allow":["GET"]}}],"collection":[{"href":"https:\/\/radiocresatelital.com\/index.php?rest_route=\/wp\/v2\/posts"}],"about":[{"href":"https:\/\/radiocresatelital.com\/index.php?rest_route=\/wp\/v2\/types\/post"}],"author":[{"embeddable":true,"href":"https:\/\/radiocresatelital.com\/index.php?rest_route=\/wp\/v2\/users\/2"}],"replies":[{"embeddable":true,"href":"https:\/\/radiocresatelital.com\/index.php?rest_route=%2Fwp%2Fv2%2Fcomments&post=42135"}],"version-history":[{"count":1,"href":"https:\/\/radiocresatelital.com\/index.php?rest_route=\/wp\/v2\/posts\/42135\/revisions"}],"predecessor-version":[{"id":42137,"href":"https:\/\/radiocresatelital.com\/index.php?rest_route=\/wp\/v2\/posts\/42135\/revisions\/42137"}],"wp:featuredmedia":[{"embeddable":true,"href":"https:\/\/radiocresatelital.com\/index.php?rest_route=\/wp\/v2\/media\/42136"}],"wp:attachment":[{"href":"https:\/\/radiocresatelital.com\/index.php?rest_route=%2Fwp%2Fv2%2Fmedia&parent=42135"}],"wp:term":[{"taxonomy":"category","embeddable":true,"href":"https:\/\/radiocresatelital.com\/index.php?rest_route=%2Fwp%2Fv2%2Fcategories&post=42135"},{"taxonomy":"post_tag","embeddable":true,"href":"https:\/\/radiocresatelital.com\/index.php?rest_route=%2Fwp%2Fv2%2Ftags&post=42135"}],"curies":[{"name":"wp","href":"https:\/\/api.w.org\/{rel}","templated":true}]}}