{"id":42132,"date":"2025-11-20T21:37:38","date_gmt":"2025-11-20T21:37:38","guid":{"rendered":"https:\/\/radiocresatelital.com\/?p=42132"},"modified":"2025-11-20T21:37:38","modified_gmt":"2025-11-20T21:37:38","slug":"avanza-la-renovacion-de-los-centros-municipales-que-atienden-a-ninos-jovenes-y-adultos-con-discapacidad","status":"publish","type":"post","link":"https:\/\/radiocresatelital.com\/?p=42132","title":{"rendered":"Avanza la renovaci\u00f3n de los centros municipales que atienden a ni\u00f1os, j\u00f3venes y adultos con discapacidad"},"content":{"rendered":"<p>Guayaquil.- El Municipio de Guayaquil impulsa una transformaci\u00f3n estructural en tres centros especializados que atienden diariamente a cerca de 2.500 ni\u00f1os, ni\u00f1as, adolescentes y adultos con distintas discapacidades. La Direcci\u00f3n de Inclusi\u00f3n Social (DIS) fortalece as\u00ed el eje social con intervenciones que priorizan la dignidad, el acceso a servicios de calidad y el ejercicio pleno de los derechos.<\/p>\n<p>Los trabajos abarcan la instalaci\u00f3n y reparaci\u00f3n de sistemas de climatizaci\u00f3n en aulas y \u00e1reas terap\u00e9uticas; impermeabilizaci\u00f3n y tratamiento definitivo contra humedad en muros y techos; y la renovaci\u00f3n total de la pintura interior y exterior con colores adecuados a las necesidades sensoriales de los usuarios. El objetivo es asegurar espacios seguros, confortables y funcionales.<\/p>\n<p>Las mejoras se ejecutan en el Centro Municipal de Apoyo para Personas con Discapacidad Visual \u201cCuatro de Enero\u201d, la Escuela de Educaci\u00f3n B\u00e1sica Municipal Especializada \u201cAudici\u00f3n y Lenguaje\u201d y el Centro Municipal de Desarrollo de Habilidades \u201cValientes\u201d. Estas obras, programadas para el \u00faltimo trimestre de 2025, permitir\u00e1n optimizar la atenci\u00f3n en servicios como terapia f\u00edsica, de lenguaje, psicol\u00f3gica, de autonom\u00eda, programas art\u00edsticos, inclusi\u00f3n educativa y escolaridad especializada.<\/p>\n<p>A partir del pr\u00f3ximo a\u00f1o, tanto \u201cCuatro de Enero\u201d como \u201cAudici\u00f3n y Lenguaje\u201d ampliar\u00e1n su cobertura hasta octavo a\u00f1o de b\u00e1sica, respondiendo a una demanda sostenida de las familias usuarias.<\/p>\n<p>\u201cHay dos palabras claves: dignidad y derechos. Esta administraci\u00f3n act\u00faa entendiendo que la atenci\u00f3n a las personas con discapacidad son derechos y los derechos se los trata con dignidad desde una perspectiva de planificaci\u00f3n de la pol\u00edtica p\u00fablica\u201d, enfatiz\u00f3 Amanda Arboleda, directora de DIS.<\/p>\n<p>El Centro \u201cCuatro de Enero\u201d ya culmin\u00f3 sus trabajos; \u201cValientes\u201d finaliza esta semana; y la pr\u00f3xima inicia la intervenci\u00f3n en \u201cAudici\u00f3n y Lenguaje\u201d.<\/p>\n<p>Para muchas familias, las mejoras ya marcan una diferencia. Jenny Guaquipana, madre de un ni\u00f1o con autismo de 6 a\u00f1os, destac\u00f3: \u201cme parece muy bien porque se ha cambiado las instalaciones en pintura y mejora para los ni\u00f1os (\u2026) los colores, como le llaman la atenci\u00f3n, ellos se sienten mejor\u201d.<\/p>\n<p>Estas acciones consolidan el compromiso municipal de ofrecer espacios dignos y de calidad que promuevan el desarrollo integral y la inclusi\u00f3n plena de las personas con discapacidad en la ciudad.<\/p>\n","protected":false},"excerpt":{"rendered":"<p>Guayaquil.- El Municipio de Guayaquil impulsa una transformaci\u00f3n estructural en tres centros especializados que atienden diariamente a cerca de 2.500 ni\u00f1os, ni\u00f1as, adolescentes y adultos con distintas discapacidades. La Direcci\u00f3n de Inclusi\u00f3n Social (DIS) fortalece as\u00ed el eje social con intervenciones que priorizan la dignidad, el acceso a servicios de calidad y el ejercicio pleno [&hellip;]<\/p>\n","protected":false},"author":2,"featured_media":42133,"comment_status":"open","ping_status":"closed","sticky":false,"template":"","format":"standard","meta":{"_jetpack_memberships_contains_paid_content":false,"footnotes":""},"categories":[33,13],"tags":[114],"class_list":["post-42132","post","type-post","status-publish","format-standard","has-post-thumbnail","hentry","category-guayaquil","category-noticias-nacionales","tag-municipio-de-guayaquil"],"jetpack_featured_media_url":"https:\/\/radiocresatelital.com\/wp-content\/uploads\/2025\/11\/WhatsApp-Image-2025-11-18-at-11.28.45.jpeg","jetpack_sharing_enabled":true,"_links":{"self":[{"href":"https:\/\/radiocresatelital.com\/index.php?rest_route=\/wp\/v2\/posts\/42132","targetHints":{"allow":["GET"]}}],"collection":[{"href":"https:\/\/radiocresatelital.com\/index.php?rest_route=\/wp\/v2\/posts"}],"about":[{"href":"https:\/\/radiocresatelital.com\/index.php?rest_route=\/wp\/v2\/types\/post"}],"author":[{"embeddable":true,"href":"https:\/\/radiocresatelital.com\/index.php?rest_route=\/wp\/v2\/users\/2"}],"replies":[{"embeddable":true,"href":"https:\/\/radiocresatelital.com\/index.php?rest_route=%2Fwp%2Fv2%2Fcomments&post=42132"}],"version-history":[{"count":1,"href":"https:\/\/radiocresatelital.com\/index.php?rest_route=\/wp\/v2\/posts\/42132\/revisions"}],"predecessor-version":[{"id":42134,"href":"https:\/\/radiocresatelital.com\/index.php?rest_route=\/wp\/v2\/posts\/42132\/revisions\/42134"}],"wp:featuredmedia":[{"embeddable":true,"href":"https:\/\/radiocresatelital.com\/index.php?rest_route=\/wp\/v2\/media\/42133"}],"wp:attachment":[{"href":"https:\/\/radiocresatelital.com\/index.php?rest_route=%2Fwp%2Fv2%2Fmedia&parent=42132"}],"wp:term":[{"taxonomy":"category","embeddable":true,"href":"https:\/\/radiocresatelital.com\/index.php?rest_route=%2Fwp%2Fv2%2Fcategories&post=42132"},{"taxonomy":"post_tag","embeddable":true,"href":"https:\/\/radiocresatelital.com\/index.php?rest_route=%2Fwp%2Fv2%2Ftags&post=42132"}],"curies":[{"name":"wp","href":"https:\/\/api.w.org\/{rel}","templated":true}]}}