{"id":42126,"date":"2025-11-20T21:30:15","date_gmt":"2025-11-20T21:30:15","guid":{"rendered":"https:\/\/radiocresatelital.com\/?p=42126"},"modified":"2025-11-20T21:30:24","modified_gmt":"2025-11-20T21:30:24","slug":"mit-firma-convenio-para-construccion-del-parque-de-tachina-en-esmeraldas-de-usd-10-4-millones","status":"publish","type":"post","link":"https:\/\/radiocresatelital.com\/?p=42126","title":{"rendered":"MIT firma convenio para construcci\u00f3n del parque de Tachina en Esmeraldas de USD 10.4 millones"},"content":{"rendered":"<p>Esmeraldas.- El Ministerio de Infraestructura y Transporte (MIT), a trav\u00e9s del viceministro de Infraestructura, Paolo Carpio, suscribi\u00f3 un convenio con el Gobierno Aut\u00f3nomo Descentralizado de la provincia de Esmeraldas, representado por la prefecta Roberta Zambrano, para la construcci\u00f3n del Parque de Tachina, en el cant\u00f3n Esmeraldas. El acuerdo se firm\u00f3 durante la sesi\u00f3n solemne por los 178 a\u00f1os de provincializaci\u00f3n y la obra tendr\u00e1 una inversi\u00f3n superior a los USD 10.4 millones.<\/p>\n<p>El proyecto fortalecer\u00e1 el desarrollo urbano de la parroquia de Tachina y aportar\u00e1 al mejoramiento de la calidad de vida y la salud de la poblaci\u00f3n. La obra contempla la implementaci\u00f3n de canchas deportivas, \u00e1reas de juegos infantiles, pista atl\u00e9tica, as\u00ed como espacios destinados a ferias gastron\u00f3micas, peque\u00f1os espect\u00e1culos y diversas manifestaciones culturales, generando un punto de encuentro seguro, recreativo y accesible para todos.<\/p>\n<p>El viceministro Paolo Carpio destac\u00f3 que el Gobierno Nacional, a trav\u00e9s del MIT, ha decidido ejecutar esta obra emblem\u00e1tica. \u201cEsta infraestructura transformar\u00e1 la vida de los ciudadanos esmeralde\u00f1os y se suma a otros proyectos que estamos desarrollando, como la rehabilitaci\u00f3n de los puntos cr\u00edticos de la E20 Esmeraldas \u2013 Quinind\u00e9, la repotenciaci\u00f3n del sistema de agua potable de Muisne y la rehabilitaci\u00f3n de la v\u00eda Chontaduro \u2013 Chumund\u00e9, entre otros\u201d, se\u00f1al\u00f3.<\/p>\n<p>La construcci\u00f3n del Parque de Tachina mejorar\u00e1 el entorno ambiental del sector al reducir la contaminaci\u00f3n auditiva, proteger el suelo y fomentar la biodiversidad, elevando significativamente la calidad de vida de los habitantes de Tachina y de todo el cant\u00f3n Esmeraldas.<\/p>\n<p>Por su parte, la Prefecta Zambrano expres\u00f3 su agradecimiento al presidente de la Rep\u00fablica, Daniel Noboa, y al ministro Roberto Luque por su apoyo al desarrollo de la provincia. \u201cTen\u00eda que venir un presidente joven para cambiar el destino de nuestra tierra. Hoy, con la firma del Parque de Tachina, nuestras aspiraciones comienzan a hacerse realidad\u201d, afirm\u00f3.<\/p>\n<p>Con este convenio, el Gobierno del Nuevo Ecuador reafirma su compromiso con el desarrollo integral del pa\u00eds, promoviendo infraestructuras que mejoran la calidad de vida de los ciudadanos. Con la firma de este acuerdo, se supera la inversi\u00f3n de USD 32 millones destinados a Esmeraldas, recursos dirigidos a una provincia que los necesitaba y que hoy los recibe con justicia y transparencia, consolidando un impulso real y sostenible para su desarrollo.<\/p>\n","protected":false},"excerpt":{"rendered":"<p>Esmeraldas.- El Ministerio de Infraestructura y Transporte (MIT), a trav\u00e9s del viceministro de Infraestructura, Paolo Carpio, suscribi\u00f3 un convenio con el Gobierno Aut\u00f3nomo Descentralizado de la provincia de Esmeraldas, representado por la prefecta Roberta Zambrano, para la construcci\u00f3n del Parque de Tachina, en el cant\u00f3n Esmeraldas. El acuerdo se firm\u00f3 durante la sesi\u00f3n solemne por [&hellip;]<\/p>\n","protected":false},"author":2,"featured_media":42127,"comment_status":"open","ping_status":"closed","sticky":false,"template":"","format":"standard","meta":{"_jetpack_memberships_contains_paid_content":false,"footnotes":""},"categories":[13],"tags":[5980],"class_list":["post-42126","post","type-post","status-publish","format-standard","has-post-thumbnail","hentry","category-noticias-nacionales","tag-ministerio-de-infraestructura-y-transporte"],"jetpack_featured_media_url":"https:\/\/radiocresatelital.com\/wp-content\/uploads\/2025\/11\/178-a_os-de-Provincializaci_n-Esmeraldas-20-11-2025-12-scaled.jpg","jetpack_sharing_enabled":true,"_links":{"self":[{"href":"https:\/\/radiocresatelital.com\/index.php?rest_route=\/wp\/v2\/posts\/42126","targetHints":{"allow":["GET"]}}],"collection":[{"href":"https:\/\/radiocresatelital.com\/index.php?rest_route=\/wp\/v2\/posts"}],"about":[{"href":"https:\/\/radiocresatelital.com\/index.php?rest_route=\/wp\/v2\/types\/post"}],"author":[{"embeddable":true,"href":"https:\/\/radiocresatelital.com\/index.php?rest_route=\/wp\/v2\/users\/2"}],"replies":[{"embeddable":true,"href":"https:\/\/radiocresatelital.com\/index.php?rest_route=%2Fwp%2Fv2%2Fcomments&post=42126"}],"version-history":[{"count":1,"href":"https:\/\/radiocresatelital.com\/index.php?rest_route=\/wp\/v2\/posts\/42126\/revisions"}],"predecessor-version":[{"id":42128,"href":"https:\/\/radiocresatelital.com\/index.php?rest_route=\/wp\/v2\/posts\/42126\/revisions\/42128"}],"wp:featuredmedia":[{"embeddable":true,"href":"https:\/\/radiocresatelital.com\/index.php?rest_route=\/wp\/v2\/media\/42127"}],"wp:attachment":[{"href":"https:\/\/radiocresatelital.com\/index.php?rest_route=%2Fwp%2Fv2%2Fmedia&parent=42126"}],"wp:term":[{"taxonomy":"category","embeddable":true,"href":"https:\/\/radiocresatelital.com\/index.php?rest_route=%2Fwp%2Fv2%2Fcategories&post=42126"},{"taxonomy":"post_tag","embeddable":true,"href":"https:\/\/radiocresatelital.com\/index.php?rest_route=%2Fwp%2Fv2%2Ftags&post=42126"}],"curies":[{"name":"wp","href":"https:\/\/api.w.org\/{rel}","templated":true}]}}