{"id":42117,"date":"2025-11-20T20:56:05","date_gmt":"2025-11-20T20:56:05","guid":{"rendered":"https:\/\/radiocresatelital.com\/?p=42117"},"modified":"2025-11-20T21:01:31","modified_gmt":"2025-11-20T21:01:31","slug":"iniciara-levantamiento-tecnico-en-urdesa-para-elaborar-su-plan-urbanistico-complementario","status":"publish","type":"post","link":"https:\/\/radiocresatelital.com\/?p=42117","title":{"rendered":"Iniciar\u00e1 levantamiento t\u00e9cnico en Urdesa para elaborar su Plan Urban\u00edstico Complementario"},"content":{"rendered":"<p>Guayaquil.- Con el prop\u00f3sito de avanzar en la planificaci\u00f3n urbana ordenada y sostenible en uno de los sectores importantes de la ciudad, la Direcci\u00f3n General de Urbanismo, Movilidad, Catastro y Edificaciones (DUMCE) iniciar\u00e1 el levantamiento t\u00e9cnico en sitio del Plan Urban\u00edstico Complementario de Urdesa (PUC-Urdesa).<\/p>\n<p>Esta es una acci\u00f3n clave para actualizar la informaci\u00f3n catastral y funcional de este tradicional barrio del norte porte\u00f1o. El proceso abarcar\u00e1 2.729 predios distribuidos en 199 manzanas, dentro de un \u00e1mbito aproximado de 200 hect\u00e1reas, lo que representa la totalidad del \u00e1rea delimitada por el Plan Urdesa.<\/p>\n<p>Los l\u00edmites del sector son: al norte, por las avenidas Segunda, Dr. Jorge Maldonado y Dr. Isaac Cabezas; y al sur, este y oeste, por el Estero Salado. Las labores de campo se desarrollar\u00e1n intensivamente desde el lunes 24 hasta el s\u00e1bado 29 de noviembre.<\/p>\n<p>De lunes a jueves, el horario ser\u00e1 de 11:30 a 16:30, mientras que el viernes 28 y s\u00e1bado 29 se extender\u00e1 de 08:30 a 16:30, con el prop\u00f3sito de minimizar molestias a los residentes y optimizar la productividad de los equipos t\u00e9cnicos.<\/p>\n<p>Se proyecta levantar entre 430 y 450 predios diarios, gracias al despliegue coordinado de varias brigadas integradas por profesionales de la Direcci\u00f3n de Ordenamiento Territorial.<\/p>\n<p>Este relevamiento exhaustivo constituye el insumo t\u00e9cnico fundamental para la elaboraci\u00f3n del PUC-Urdesa, instrumento que permitir\u00e1 regular de forma moderna y participativa el desarrollo futuro del barrio, preservando su identidad residencial y mejorando la calidad urbana de sus espacios p\u00fablicos y equipamientos.<\/p>\n<p>La actualizaci\u00f3n de la informaci\u00f3n catastral y funcional posibilitar\u00e1, adem\u00e1s, identificar oportunidades de mejora en movilidad, \u00e1reas verdes, servicios b\u00e1sicos y prevenci\u00f3n de riesgos, garantizando que las futuras intervenciones respondan a las necesidades reales de los habitantes y propietarios del sector.<\/p>\n<p>As\u00ed, la Municipalidad de Guayaquil reitera su compromiso con una planificaci\u00f3n transparente, t\u00e9cnica y orientada al bienestar colectivo de todos los barrios de la ciudad<\/p>\n","protected":false},"excerpt":{"rendered":"<p>Guayaquil.- Con el prop\u00f3sito de avanzar en la planificaci\u00f3n urbana ordenada y sostenible en uno de los sectores importantes de la ciudad, la Direcci\u00f3n General de Urbanismo, Movilidad, Catastro y Edificaciones (DUMCE) iniciar\u00e1 el levantamiento t\u00e9cnico en sitio del Plan Urban\u00edstico Complementario de Urdesa (PUC-Urdesa). Esta es una acci\u00f3n clave para actualizar la informaci\u00f3n catastral [&hellip;]<\/p>\n","protected":false},"author":2,"featured_media":42118,"comment_status":"open","ping_status":"closed","sticky":false,"template":"","format":"standard","meta":{"_jetpack_memberships_contains_paid_content":false,"footnotes":""},"categories":[33,13],"tags":[6686,6742],"class_list":["post-42117","post","type-post","status-publish","format-standard","has-post-thumbnail","hentry","category-guayaquil","category-noticias-nacionales","tag-direccion-general-de-urbanismo","tag-plan-urbanistico-complementario-de-urdesa"],"jetpack_featured_media_url":"https:\/\/radiocresatelital.com\/wp-content\/uploads\/2025\/11\/DJI_20250821143429_0112_D-scaled.jpg","jetpack_sharing_enabled":true,"_links":{"self":[{"href":"https:\/\/radiocresatelital.com\/index.php?rest_route=\/wp\/v2\/posts\/42117","targetHints":{"allow":["GET"]}}],"collection":[{"href":"https:\/\/radiocresatelital.com\/index.php?rest_route=\/wp\/v2\/posts"}],"about":[{"href":"https:\/\/radiocresatelital.com\/index.php?rest_route=\/wp\/v2\/types\/post"}],"author":[{"embeddable":true,"href":"https:\/\/radiocresatelital.com\/index.php?rest_route=\/wp\/v2\/users\/2"}],"replies":[{"embeddable":true,"href":"https:\/\/radiocresatelital.com\/index.php?rest_route=%2Fwp%2Fv2%2Fcomments&post=42117"}],"version-history":[{"count":1,"href":"https:\/\/radiocresatelital.com\/index.php?rest_route=\/wp\/v2\/posts\/42117\/revisions"}],"predecessor-version":[{"id":42119,"href":"https:\/\/radiocresatelital.com\/index.php?rest_route=\/wp\/v2\/posts\/42117\/revisions\/42119"}],"wp:featuredmedia":[{"embeddable":true,"href":"https:\/\/radiocresatelital.com\/index.php?rest_route=\/wp\/v2\/media\/42118"}],"wp:attachment":[{"href":"https:\/\/radiocresatelital.com\/index.php?rest_route=%2Fwp%2Fv2%2Fmedia&parent=42117"}],"wp:term":[{"taxonomy":"category","embeddable":true,"href":"https:\/\/radiocresatelital.com\/index.php?rest_route=%2Fwp%2Fv2%2Fcategories&post=42117"},{"taxonomy":"post_tag","embeddable":true,"href":"https:\/\/radiocresatelital.com\/index.php?rest_route=%2Fwp%2Fv2%2Ftags&post=42117"}],"curies":[{"name":"wp","href":"https:\/\/api.w.org\/{rel}","templated":true}]}}