{"id":42114,"date":"2025-11-20T20:52:23","date_gmt":"2025-11-20T20:52:23","guid":{"rendered":"https:\/\/radiocresatelital.com\/?p=42114"},"modified":"2025-11-20T20:52:32","modified_gmt":"2025-11-20T20:52:32","slug":"la-ciudad-avanza-con-un-despliegue-ininterrumpido-de-control-y-vigilancia","status":"publish","type":"post","link":"https:\/\/radiocresatelital.com\/?p=42114","title":{"rendered":"La ciudad avanza con un despliegue ininterrumpido de control y vigilancia"},"content":{"rendered":"<p>Guayaquil.- La Perla del Pac\u00edfico, Guayaquil vive un proceso sostenido de recuperaci\u00f3n del orden en sus calles. Durante los primeros 300 d\u00edas de 2025, la recuperaci\u00f3n del orden en la ciudad ha sido una tarea permanente. La Direcci\u00f3n de Justicia y Vigilancia del Municipio ha mantenido presencia diaria en la urbe y en las parroquias rurales, ejecutando operativos que buscan mejorar la convivencia, el uso adecuado del espacio p\u00fablico y el cumplimiento de las ordenanzas municipales.<\/p>\n<p>Este trabajo se refleja en 2.420 operativos realizados y 10.389 expedientes generados en 2025 por diversas infracciones, cifras que evidencian el despliegue sostenido del Municipio de Guayaquil y su compromiso por mantener espacios ordenados y funcionales.<\/p>\n<p>El control tambi\u00e9n se ha intensificado en las edificaciones levantadas sin autorizaci\u00f3n. A trav\u00e9s de la Jefatura de Construcciones, se han emitido 1.444 boletas de notificaci\u00f3n a obras que no contaban con los permisos correspondientes, reforzando la importancia de edificar dentro del marco normativo municipal.<\/p>\n<p>Paralelamente, la Jefatura de Elementos Publicitarios ha realizado 919 operativos e inspecciones para verificar que la publicidad instalada en la v\u00eda p\u00fablica cumpla con los requerimientos establecidos.<\/p>\n<p>Cada una de estas intervenciones forma parte de una estrategia integral de control que busca equilibrar el dinamismo comercial con el respeto al espacio urbano, evitando riesgos, ocupaciones indebidas y contaminaci\u00f3n visual que afecten la movilidad y la seguridad ciudadana.<\/p>\n<p>La labor contin\u00faa. El Municipio trabaja en recuperar y proteger el espacio p\u00fablico, con la mira puesta en una ciudad m\u00e1s moderna, funcional y armoniosa para todos.<\/p>\n","protected":false},"excerpt":{"rendered":"<p>Guayaquil.- La Perla del Pac\u00edfico, Guayaquil vive un proceso sostenido de recuperaci\u00f3n del orden en sus calles. Durante los primeros 300 d\u00edas de 2025, la recuperaci\u00f3n del orden en la ciudad ha sido una tarea permanente. La Direcci\u00f3n de Justicia y Vigilancia del Municipio ha mantenido presencia diaria en la urbe y en las parroquias [&hellip;]<\/p>\n","protected":false},"author":2,"featured_media":42115,"comment_status":"open","ping_status":"closed","sticky":false,"template":"","format":"standard","meta":{"_jetpack_memberships_contains_paid_content":false,"footnotes":""},"categories":[33,13],"tags":[816,114],"class_list":["post-42114","post","type-post","status-publish","format-standard","has-post-thumbnail","hentry","category-guayaquil","category-noticias-nacionales","tag-direccion-de-justicia-y-vigilancia","tag-municipio-de-guayaquil"],"jetpack_featured_media_url":"https:\/\/radiocresatelital.com\/wp-content\/uploads\/2025\/11\/DSC_7016-scaled.jpg","jetpack_sharing_enabled":true,"_links":{"self":[{"href":"https:\/\/radiocresatelital.com\/index.php?rest_route=\/wp\/v2\/posts\/42114","targetHints":{"allow":["GET"]}}],"collection":[{"href":"https:\/\/radiocresatelital.com\/index.php?rest_route=\/wp\/v2\/posts"}],"about":[{"href":"https:\/\/radiocresatelital.com\/index.php?rest_route=\/wp\/v2\/types\/post"}],"author":[{"embeddable":true,"href":"https:\/\/radiocresatelital.com\/index.php?rest_route=\/wp\/v2\/users\/2"}],"replies":[{"embeddable":true,"href":"https:\/\/radiocresatelital.com\/index.php?rest_route=%2Fwp%2Fv2%2Fcomments&post=42114"}],"version-history":[{"count":1,"href":"https:\/\/radiocresatelital.com\/index.php?rest_route=\/wp\/v2\/posts\/42114\/revisions"}],"predecessor-version":[{"id":42116,"href":"https:\/\/radiocresatelital.com\/index.php?rest_route=\/wp\/v2\/posts\/42114\/revisions\/42116"}],"wp:featuredmedia":[{"embeddable":true,"href":"https:\/\/radiocresatelital.com\/index.php?rest_route=\/wp\/v2\/media\/42115"}],"wp:attachment":[{"href":"https:\/\/radiocresatelital.com\/index.php?rest_route=%2Fwp%2Fv2%2Fmedia&parent=42114"}],"wp:term":[{"taxonomy":"category","embeddable":true,"href":"https:\/\/radiocresatelital.com\/index.php?rest_route=%2Fwp%2Fv2%2Fcategories&post=42114"},{"taxonomy":"post_tag","embeddable":true,"href":"https:\/\/radiocresatelital.com\/index.php?rest_route=%2Fwp%2Fv2%2Ftags&post=42114"}],"curies":[{"name":"wp","href":"https:\/\/api.w.org\/{rel}","templated":true}]}}