{"id":42099,"date":"2025-11-20T02:56:10","date_gmt":"2025-11-20T02:56:10","guid":{"rendered":"https:\/\/radiocresatelital.com\/?p=42099"},"modified":"2025-11-20T02:57:56","modified_gmt":"2025-11-20T02:57:56","slug":"el-edificio-de-la-fiscalia-de-la-troncal-fue-baleado-durante-la-madrugada","status":"publish","type":"post","link":"https:\/\/radiocresatelital.com\/?p=42099","title":{"rendered":"El edificio de la Fiscal\u00eda de La Troncal fue baleado durante la madrugada"},"content":{"rendered":"<p data-start=\"217\" data-end=\"528\">La Troncal.- La madrugada de este 19 de noviembre, delincuentes atacaron a tiros el edificio donde opera la Fiscal\u00eda del cant\u00f3n La Troncal, en la provincia de Ca\u00f1ar. El hecho fue descubierto alrededor de las 06:30, cuando personal de limpieza hall\u00f3 impactos de bala en la puerta principal e inmediatamente alert\u00f3 al ECU-911.<\/p>\n<p data-start=\"530\" data-end=\"918\">Tras el reporte, patrullas de la Polic\u00eda Nacional acudieron al lugar y acordonaron el \u00e1rea. Equipos de Criminal\u00edstica y de la Polic\u00eda Judicial realizaron un levantamiento de indicios y confirmaron que los disparos no solo alcanzaron la fachada, sino que tambi\u00e9n causaron da\u00f1os en el interior del edificio: vidrios perforados, puertas afectadas y rastros de proyectiles en varias oficinas.<\/p>\n<p data-start=\"920\" data-end=\"1182\">Seg\u00fan medios locales, en la calle donde se produjo el ataque existe una c\u00e1mara de seguridad que podr\u00eda aportar im\u00e1genes clave para identificar a los responsables. Las autoridades recopilan grabaciones y testimonios para reconstruir el recorrido de los atacantes.<\/p>\n<p data-start=\"1184\" data-end=\"1480\">Este hecho se suma a la creciente ola de ataques contra instituciones del sistema judicial. En menos de un mes, ya son dos sedes de la Fiscal\u00eda que han sido blanco de balaceras: el pasado 7 de noviembre, las oficinas del Ministerio P\u00fablico en Montecristi tambi\u00e9n fueron atacadas por desconocidos.<\/p>\n<p data-start=\"1482\" data-end=\"1673\">La Polic\u00eda contin\u00faa con las investigaciones y no descarta que estos atentados est\u00e9n vinculados a bandas criminales que buscan intimidar a fiscales y obstaculizar procesos judiciales en curso.<\/p>\n<p data-start=\"1675\" data-end=\"1815\">La ciudadan\u00eda de La Troncal expres\u00f3 preocupaci\u00f3n ante este nuevo episodio de violencia que refuerza el clima de inseguridad en la provincia.<\/p>\n<p data-start=\"1675\" data-end=\"1815\"><img loading=\"lazy\" decoding=\"async\" class=\"wp-image-42101 aligncenter\" src=\"https:\/\/radiocresatelital.com\/wp-content\/uploads\/2025\/11\/daniel_noboa.jpg_559525822-4-300x218.webp\" alt=\"\" width=\"512\" height=\"372\" srcset=\"https:\/\/radiocresatelital.com\/wp-content\/uploads\/2025\/11\/daniel_noboa.jpg_559525822-4-300x218.webp 300w, https:\/\/radiocresatelital.com\/wp-content\/uploads\/2025\/11\/daniel_noboa.jpg_559525822-4-768x559.webp 768w, https:\/\/radiocresatelital.com\/wp-content\/uploads\/2025\/11\/daniel_noboa.jpg_559525822-4.webp 825w\" sizes=\"auto, (max-width: 512px) 100vw, 512px\" \/><\/p>\n","protected":false},"excerpt":{"rendered":"<p>La Troncal.- La madrugada de este 19 de noviembre, delincuentes atacaron a tiros el edificio donde opera la Fiscal\u00eda del cant\u00f3n La Troncal, en la provincia de Ca\u00f1ar. El hecho fue descubierto alrededor de las 06:30, cuando personal de limpieza hall\u00f3 impactos de bala en la puerta principal e inmediatamente alert\u00f3 al ECU-911. Tras el [&hellip;]<\/p>\n","protected":false},"author":17,"featured_media":42100,"comment_status":"open","ping_status":"closed","sticky":false,"template":"","format":"standard","meta":{"_jetpack_memberships_contains_paid_content":false,"footnotes":""},"categories":[13],"tags":[6740],"class_list":["post-42099","post","type-post","status-publish","format-standard","has-post-thumbnail","hentry","category-noticias-nacionales","tag-latroncal-canar-fiscalia-seguridadec-violenciaec"],"jetpack_featured_media_url":"https:\/\/radiocresatelital.com\/wp-content\/uploads\/2025\/11\/daniel_noboa.jpg_559525822-3.webp","jetpack_sharing_enabled":true,"_links":{"self":[{"href":"https:\/\/radiocresatelital.com\/index.php?rest_route=\/wp\/v2\/posts\/42099","targetHints":{"allow":["GET"]}}],"collection":[{"href":"https:\/\/radiocresatelital.com\/index.php?rest_route=\/wp\/v2\/posts"}],"about":[{"href":"https:\/\/radiocresatelital.com\/index.php?rest_route=\/wp\/v2\/types\/post"}],"author":[{"embeddable":true,"href":"https:\/\/radiocresatelital.com\/index.php?rest_route=\/wp\/v2\/users\/17"}],"replies":[{"embeddable":true,"href":"https:\/\/radiocresatelital.com\/index.php?rest_route=%2Fwp%2Fv2%2Fcomments&post=42099"}],"version-history":[{"count":3,"href":"https:\/\/radiocresatelital.com\/index.php?rest_route=\/wp\/v2\/posts\/42099\/revisions"}],"predecessor-version":[{"id":42104,"href":"https:\/\/radiocresatelital.com\/index.php?rest_route=\/wp\/v2\/posts\/42099\/revisions\/42104"}],"wp:featuredmedia":[{"embeddable":true,"href":"https:\/\/radiocresatelital.com\/index.php?rest_route=\/wp\/v2\/media\/42100"}],"wp:attachment":[{"href":"https:\/\/radiocresatelital.com\/index.php?rest_route=%2Fwp%2Fv2%2Fmedia&parent=42099"}],"wp:term":[{"taxonomy":"category","embeddable":true,"href":"https:\/\/radiocresatelital.com\/index.php?rest_route=%2Fwp%2Fv2%2Fcategories&post=42099"},{"taxonomy":"post_tag","embeddable":true,"href":"https:\/\/radiocresatelital.com\/index.php?rest_route=%2Fwp%2Fv2%2Ftags&post=42099"}],"curies":[{"name":"wp","href":"https:\/\/api.w.org\/{rel}","templated":true}]}}