{"id":42096,"date":"2025-11-20T02:46:09","date_gmt":"2025-11-20T02:46:09","guid":{"rendered":"https:\/\/radiocresatelital.com\/?p=42096"},"modified":"2025-11-20T02:46:09","modified_gmt":"2025-11-20T02:46:09","slug":"un-dron-que-sobrevolo-la-carcel-de-machala-fue-detonado-de-manera-controlada-indica-el-snai","status":"publish","type":"post","link":"https:\/\/radiocresatelital.com\/?p=42096","title":{"rendered":"Un dron que sobrevol\u00f3 la c\u00e1rcel de Machala fue detonado de manera controlada, indica el SNAI"},"content":{"rendered":"<p data-start=\"222\" data-end=\"542\">Machala.- La noche de este mi\u00e9rcoles 19 de noviembre, un fuerte estallido se escuch\u00f3 en los alrededores del Centro de Privaci\u00f3n de Libertad de Machala, generando preocupaci\u00f3n entre los habitantes del sector. Ciudadanos reportaron el sonido de una explosi\u00f3n y alertaron de movimientos inusuales alrededor del recinto penitenciario.<\/p>\n<p data-start=\"544\" data-end=\"848\">Minutos despu\u00e9s, el Servicio Nacional de Personas Privadas de Libertad (SNAI) confirm\u00f3 que el ruido se produjo tras la detecci\u00f3n de un dron que sobrevolaba el centro carcelario. Seg\u00fan la instituci\u00f3n, el artefacto fue interceptado y posteriormente detonado de manera controlada por personal especializado.<\/p>\n<p data-start=\"850\" data-end=\"1179\">\u201cEl procedimiento se realiz\u00f3 sin que se registren da\u00f1os materiales, heridos o fallecidos\u201d, indic\u00f3 el SNAI a trav\u00e9s de un comunicado oficial. No obstante, algunos medios locales reportaron la aparici\u00f3n de un hueco o afectaci\u00f3n en una de las \u00e1reas cercanas al impacto, aunque esta informaci\u00f3n no fue confirmada por las autoridades.<\/p>\n<p data-start=\"1181\" data-end=\"1469\">Tras la alerta, varias unidades de la Polic\u00eda Nacional se trasladaron de inmediato al lugar para reforzar la seguridad externa del penal. Moradores del sector tambi\u00e9n afirmaron haber escuchado disparos durante los minutos posteriores al estallido, lo que increment\u00f3 la tensi\u00f3n en la zona.<\/p>\n<p data-start=\"1471\" data-end=\"1769\">Este nuevo incidente ocurre apenas diez d\u00edas despu\u00e9s de los violentos hechos registrados el pasado domingo 9 de noviembre, cuando dos masacres dentro del mismo centro penitenciario dejaron m\u00e1s de 30 reclusos fallecidos, en uno de los episodios m\u00e1s graves del sistema carcelario ecuatoriano en 2025.<\/p>\n<p data-start=\"1771\" data-end=\"2053\">Como parte de las acciones tomadas tras esas masacres, 87 reos fueron trasladados a la Penitenciar\u00eda del Litoral en Guayaquil, mientras que otros 23, identificados como miembros de la organizaci\u00f3n criminal Los Lobos y su facci\u00f3n Lobos Box, fueron llevados a la C\u00e1rcel del Encuentro.<\/p>\n<p data-start=\"2055\" data-end=\"2318\">Las autoridades contin\u00faan investigando tanto el origen del dron como sus posibles intenciones. Paralelamente, se mantiene el resguardo policial reforzado en el per\u00edmetro del centro penitenciario ante el temor de nuevos intentos de infiltraci\u00f3n o ataques externos.<\/p>\n<p data-start=\"2320\" data-end=\"2416\">El SNAI anunci\u00f3 que en las pr\u00f3ximas horas se emitir\u00e1 un informe m\u00e1s detallado sobre lo ocurrido.<\/p>\n","protected":false},"excerpt":{"rendered":"<p>Machala.- La noche de este mi\u00e9rcoles 19 de noviembre, un fuerte estallido se escuch\u00f3 en los alrededores del Centro de Privaci\u00f3n de Libertad de Machala, generando preocupaci\u00f3n entre los habitantes del sector. Ciudadanos reportaron el sonido de una explosi\u00f3n y alertaron de movimientos inusuales alrededor del recinto penitenciario. Minutos despu\u00e9s, el Servicio Nacional de Personas [&hellip;]<\/p>\n","protected":false},"author":17,"featured_media":42097,"comment_status":"open","ping_status":"closed","sticky":false,"template":"","format":"standard","meta":{"_jetpack_memberships_contains_paid_content":false,"footnotes":""},"categories":[13],"tags":[6739],"class_list":["post-42096","post","type-post","status-publish","format-standard","has-post-thumbnail","hentry","category-noticias-nacionales","tag-seguridadec-snai-carcelesec-orense-nacional"],"jetpack_featured_media_url":"https:\/\/radiocresatelital.com\/wp-content\/uploads\/2025\/11\/daniel_noboa.jpg_559525822-2.webp","jetpack_sharing_enabled":true,"_links":{"self":[{"href":"https:\/\/radiocresatelital.com\/index.php?rest_route=\/wp\/v2\/posts\/42096","targetHints":{"allow":["GET"]}}],"collection":[{"href":"https:\/\/radiocresatelital.com\/index.php?rest_route=\/wp\/v2\/posts"}],"about":[{"href":"https:\/\/radiocresatelital.com\/index.php?rest_route=\/wp\/v2\/types\/post"}],"author":[{"embeddable":true,"href":"https:\/\/radiocresatelital.com\/index.php?rest_route=\/wp\/v2\/users\/17"}],"replies":[{"embeddable":true,"href":"https:\/\/radiocresatelital.com\/index.php?rest_route=%2Fwp%2Fv2%2Fcomments&post=42096"}],"version-history":[{"count":1,"href":"https:\/\/radiocresatelital.com\/index.php?rest_route=\/wp\/v2\/posts\/42096\/revisions"}],"predecessor-version":[{"id":42098,"href":"https:\/\/radiocresatelital.com\/index.php?rest_route=\/wp\/v2\/posts\/42096\/revisions\/42098"}],"wp:featuredmedia":[{"embeddable":true,"href":"https:\/\/radiocresatelital.com\/index.php?rest_route=\/wp\/v2\/media\/42097"}],"wp:attachment":[{"href":"https:\/\/radiocresatelital.com\/index.php?rest_route=%2Fwp%2Fv2%2Fmedia&parent=42096"}],"wp:term":[{"taxonomy":"category","embeddable":true,"href":"https:\/\/radiocresatelital.com\/index.php?rest_route=%2Fwp%2Fv2%2Fcategories&post=42096"},{"taxonomy":"post_tag","embeddable":true,"href":"https:\/\/radiocresatelital.com\/index.php?rest_route=%2Fwp%2Fv2%2Ftags&post=42096"}],"curies":[{"name":"wp","href":"https:\/\/api.w.org\/{rel}","templated":true}]}}