{"id":42089,"date":"2025-11-20T02:39:57","date_gmt":"2025-11-20T02:39:57","guid":{"rendered":"https:\/\/radiocresatelital.com\/?p=42089"},"modified":"2025-11-20T02:39:57","modified_gmt":"2025-11-20T02:39:57","slug":"un-rayo-destruyo-la-parte-superior-del-historico-monumento-cristo-rey-en-cuenca","status":"publish","type":"post","link":"https:\/\/radiocresatelital.com\/?p=42089","title":{"rendered":"Un rayo destruy\u00f3 la parte superior del hist\u00f3rico monumento Cristo Rey en Cuenca"},"content":{"rendered":"<p>Cuenca.- La tarde del 19 de noviembre de 2025, un fuerte rayo impact\u00f3 directamente sobre la imagen del Cristo Rey, uno de los monumentos hist\u00f3ricos m\u00e1s representativos de Cuenca, ubicado en la colina de Cullca, en el sector de las calles Luis Cordero y Eugenio Espejo. El hecho ocurri\u00f3 en medio de una intensa tormenta el\u00e9ctrica que afect\u00f3 a gran parte de la ciudad, tal como hab\u00eda sido advertido previamente por el Instituto Nacional de Meteorolog\u00eda e Hidrolog\u00eda (Inamhi).<\/p>\n<p>El impacto provoc\u00f3 la destrucci\u00f3n de la parte superior de la escultura, desprendiendo la cabeza y otros fragmentos que cayeron sobre la v\u00eda y golpearon viviendas, locales comerciales y veh\u00edculos de la zona. A pesar de la magnitud del incidente, las autoridades informaron que no hubo personas heridas.<\/p>\n<p>El monumento de Cristo Rey, construido en 1930 por el maestro marmolista Manuel Mendieta, es parte del Conjunto Urbano Arquitect\u00f3nico protegido por el Municipio de Cuenca desde 2013. La obra, elaborada con piedra, ladrillo y m\u00e1rmol, cuenta con una estructura piramidal dividida en cuatro niveles y sostiene una imagen de Cristo de 2,4 metros con los brazos extendidos hacia la ciudad. Seg\u00fan investigaciones hist\u00f3ricas, la escultura presenta a Cristo sosteniendo una hostia en su mano izquierda y ofreciendo una bendici\u00f3n con la derecha, en un gesto simb\u00f3lico hacia Cuenca.<\/p>\n<p>Esta estructura ya hab\u00eda sufrido da\u00f1os en a\u00f1os anteriores, lo que motiv\u00f3 una restauraci\u00f3n en 2009. Tras el nuevo incidente, equipos municipales y personal de emergencias realizaron una evaluaci\u00f3n preliminar de los da\u00f1os para determinar las acciones de reparaci\u00f3n y seguridad necesarias en el \u00e1rea.<\/p>\n<p>El evento gener\u00f3 preocupaci\u00f3n entre moradores y visitantes, quienes consideraron lo ocurrido como una p\u00e9rdida simb\u00f3lica para el patrimonio cultural cuencano. Las autoridades locales anunciaron que emitir\u00e1n en los pr\u00f3ximos d\u00edas un informe t\u00e9cnico y un plan de intervenci\u00f3n para recuperar el monumento.<\/p>\n<p>Mientras tanto, el Inamhi reiter\u00f3 sus advertencias sobre la presencia de lluvias intensas, actividad el\u00e9ctrica y posibles inundaciones en varias provincias del pa\u00eds hasta el 22 de noviembre.<\/p>\n","protected":false},"excerpt":{"rendered":"<p>Cuenca.- La tarde del 19 de noviembre de 2025, un fuerte rayo impact\u00f3 directamente sobre la imagen del Cristo Rey, uno de los monumentos hist\u00f3ricos m\u00e1s representativos de Cuenca, ubicado en la colina de Cullca, en el sector de las calles Luis Cordero y Eugenio Espejo. El hecho ocurri\u00f3 en medio de una intensa tormenta [&hellip;]<\/p>\n","protected":false},"author":17,"featured_media":42094,"comment_status":"open","ping_status":"closed","sticky":false,"template":"","format":"standard","meta":{"_jetpack_memberships_contains_paid_content":false,"footnotes":""},"categories":[13],"tags":[6738],"class_list":["post-42089","post","type-post","status-publish","format-standard","has-post-thumbnail","hentry","category-noticias-nacionales","tag-cuenca-azuay-cristorey-tormenta-lluvias-patrimonio-ecuador-inamhi-emergencia-monumentohistorico"],"jetpack_featured_media_url":"https:\/\/radiocresatelital.com\/wp-content\/uploads\/2025\/11\/Gy5Cpa8WwAE2tyI-1-22.jpeg","jetpack_sharing_enabled":true,"_links":{"self":[{"href":"https:\/\/radiocresatelital.com\/index.php?rest_route=\/wp\/v2\/posts\/42089","targetHints":{"allow":["GET"]}}],"collection":[{"href":"https:\/\/radiocresatelital.com\/index.php?rest_route=\/wp\/v2\/posts"}],"about":[{"href":"https:\/\/radiocresatelital.com\/index.php?rest_route=\/wp\/v2\/types\/post"}],"author":[{"embeddable":true,"href":"https:\/\/radiocresatelital.com\/index.php?rest_route=\/wp\/v2\/users\/17"}],"replies":[{"embeddable":true,"href":"https:\/\/radiocresatelital.com\/index.php?rest_route=%2Fwp%2Fv2%2Fcomments&post=42089"}],"version-history":[{"count":1,"href":"https:\/\/radiocresatelital.com\/index.php?rest_route=\/wp\/v2\/posts\/42089\/revisions"}],"predecessor-version":[{"id":42095,"href":"https:\/\/radiocresatelital.com\/index.php?rest_route=\/wp\/v2\/posts\/42089\/revisions\/42095"}],"wp:featuredmedia":[{"embeddable":true,"href":"https:\/\/radiocresatelital.com\/index.php?rest_route=\/wp\/v2\/media\/42094"}],"wp:attachment":[{"href":"https:\/\/radiocresatelital.com\/index.php?rest_route=%2Fwp%2Fv2%2Fmedia&parent=42089"}],"wp:term":[{"taxonomy":"category","embeddable":true,"href":"https:\/\/radiocresatelital.com\/index.php?rest_route=%2Fwp%2Fv2%2Fcategories&post=42089"},{"taxonomy":"post_tag","embeddable":true,"href":"https:\/\/radiocresatelital.com\/index.php?rest_route=%2Fwp%2Fv2%2Ftags&post=42089"}],"curies":[{"name":"wp","href":"https:\/\/api.w.org\/{rel}","templated":true}]}}