{"id":41877,"date":"2025-11-18T19:11:55","date_gmt":"2025-11-18T19:11:55","guid":{"rendered":"https:\/\/radiocresatelital.com\/?p=41877"},"modified":"2025-11-18T19:11:55","modified_gmt":"2025-11-18T19:11:55","slug":"presidente-noboa-dispone-al-registro-civil-ampliar-la-vigencia-de-los-comprobantes-de-pago-para-cedulas-y-pasaportes-hasta-diciembre-de-2026","status":"publish","type":"post","link":"https:\/\/radiocresatelital.com\/?p=41877","title":{"rendered":"Presidente Noboa dispone al Registro Civil ampliar la vigencia de los comprobantes de pago para c\u00e9dulas y pasaportes hasta diciembre de 2026"},"content":{"rendered":"<div class=\"row\">\n<section id=\"postcontent\" class=\"col-md-9 col-sm-6 line-right\">Quito.- En cumplimiento a lo dispuesto por el Presidente de la Rep\u00fablica Daniel Noboa Az\u00edn, el Registro Civil del Ecuador ampl\u00eda, hasta el 31 de diciembre de 2026, la vigencia de los comprobantes de pago para los servicios de cedulaci\u00f3n y pasaportes efectuados\u00a0entre el 1 de enero al 31 de diciembre de 2025.<\/p>\n<p>Esta medida, que facilita a la ciudadan\u00eda la obtenci\u00f3n de su documento de identidad o de viaje, ha sido acatada y cumplida con la emisi\u00f3n de la Resoluci\u00f3n Nro. 026-DIGERCIC-CGAJ-DPyN-2025, la cual responde a una acci\u00f3n emp\u00e1tica con los usuarios que por distintos motivos no han podido realizar su tr\u00e1mite. Cabe indicar que, mediante esta acci\u00f3n los comprobantes de pago cuya vigencia era de 180 d\u00edas,\u00a0ahora la validez del documento de pago se extiende por 365 d\u00edas.<\/p>\n<p>Ott\u00f3n Rivadeneira, director general del Registro Civil, resalt\u00f3 la decisi\u00f3n y liderazgo del presidente Noboa, en disponer la extensi\u00f3n de validez del comprobante de pago.\u00a0\u201cEl Registro Civil es una instituci\u00f3n al servicio de todos. Con esta Resoluci\u00f3n garantizamos que ning\u00fan ciudadano pierda la oportunidad de obtener sus documentos o tenga que volver a pagar. Nuestro compromiso es ampliar el acceso, modernizar los procesos y asegurar que cada persona pueda ejercer plenamente su derecho a la identidad. Seguiremos fortaleciendo nuestros sistemas, nuestros canales de atenci\u00f3n y nuestra capacidad institucional, para ofrecer un servicio m\u00e1s eficiente, transparente y cercano\u201d,\u00a0afirm\u00f3.<\/p>\n<p>De igual forma, los\u00a0comprobantes emitidos\u00a0entre el 1 de enero y el 31 de diciembre de 2024\u00a0mantendr\u00e1n su vigencia\u00a0hasta el 31 de diciembre de 2025.<\/p>\n<\/section>\n<\/div>\n","protected":false},"excerpt":{"rendered":"<p>Quito.- En cumplimiento a lo dispuesto por el Presidente de la Rep\u00fablica Daniel Noboa Az\u00edn, el Registro Civil del Ecuador ampl\u00eda, hasta el 31 de diciembre de 2026, la vigencia de los comprobantes de pago para los servicios de cedulaci\u00f3n y pasaportes efectuados\u00a0entre el 1 de enero al 31 de diciembre de 2025. Esta medida, [&hellip;]<\/p>\n","protected":false},"author":2,"featured_media":41878,"comment_status":"open","ping_status":"closed","sticky":false,"template":"","format":"standard","meta":{"_jetpack_memberships_contains_paid_content":false,"footnotes":""},"categories":[1],"tags":[1322],"class_list":["post-41877","post","type-post","status-publish","format-standard","has-post-thumbnail","hentry","category-publicidad","tag-presidente-daniel-noboa"],"jetpack_featured_media_url":"https:\/\/radiocresatelital.com\/wp-content\/uploads\/2025\/11\/1-2.jpg","jetpack_sharing_enabled":true,"_links":{"self":[{"href":"https:\/\/radiocresatelital.com\/index.php?rest_route=\/wp\/v2\/posts\/41877","targetHints":{"allow":["GET"]}}],"collection":[{"href":"https:\/\/radiocresatelital.com\/index.php?rest_route=\/wp\/v2\/posts"}],"about":[{"href":"https:\/\/radiocresatelital.com\/index.php?rest_route=\/wp\/v2\/types\/post"}],"author":[{"embeddable":true,"href":"https:\/\/radiocresatelital.com\/index.php?rest_route=\/wp\/v2\/users\/2"}],"replies":[{"embeddable":true,"href":"https:\/\/radiocresatelital.com\/index.php?rest_route=%2Fwp%2Fv2%2Fcomments&post=41877"}],"version-history":[{"count":2,"href":"https:\/\/radiocresatelital.com\/index.php?rest_route=\/wp\/v2\/posts\/41877\/revisions"}],"predecessor-version":[{"id":41880,"href":"https:\/\/radiocresatelital.com\/index.php?rest_route=\/wp\/v2\/posts\/41877\/revisions\/41880"}],"wp:featuredmedia":[{"embeddable":true,"href":"https:\/\/radiocresatelital.com\/index.php?rest_route=\/wp\/v2\/media\/41878"}],"wp:attachment":[{"href":"https:\/\/radiocresatelital.com\/index.php?rest_route=%2Fwp%2Fv2%2Fmedia&parent=41877"}],"wp:term":[{"taxonomy":"category","embeddable":true,"href":"https:\/\/radiocresatelital.com\/index.php?rest_route=%2Fwp%2Fv2%2Fcategories&post=41877"},{"taxonomy":"post_tag","embeddable":true,"href":"https:\/\/radiocresatelital.com\/index.php?rest_route=%2Fwp%2Fv2%2Ftags&post=41877"}],"curies":[{"name":"wp","href":"https:\/\/api.w.org\/{rel}","templated":true}]}}