{"id":41767,"date":"2025-11-17T00:45:18","date_gmt":"2025-11-17T00:45:18","guid":{"rendered":"https:\/\/radiocresatelital.com\/?p=41767"},"modified":"2025-11-17T00:45:18","modified_gmt":"2025-11-17T00:45:18","slug":"ecuatorianos-ya-tienen-rivales-en-el-xxi-challenger-ciudad-de-guayaquil","status":"publish","type":"post","link":"https:\/\/radiocresatelital.com\/?p=41767","title":{"rendered":"Ecuatorianos ya tienen rivales en el XXI Challenger \u00abCiudad de Guayaquil\u00bb"},"content":{"rendered":"<p class=\"x_gmail-yiv4710990336gmail-MsoNoSpacing\"><span data-olk-copy-source=\"MessageBody\">Guayaquil.- Cinco ecuatorianos figuran en el cuadro de singles de la edici\u00f3n 21 del Challenger Ciudad de Guayaquil Copa Banco Guayaquil auspiciado por el Municipio de Guayaquil, el mismo que arranca este lunes 17 de noviembre en el Guayaquil Tenis Club sede Anexo.<\/span><\/p>\n<p class=\"x_gmail-yiv4710990336gmail-MsoNoSpacing\">Las cartas ecuatorianas son \u00c1lvaro Guill\u00e9n y Andr\u00e9s Andrade, integrantes del equipo Copa Davis tricolor que en septiembre derrot\u00f3 a Bosnia &amp; Herzegovina en Quito. \u00c1lvaro llega con buenos resultados, dos semifinales seguidas en Lima, adem\u00e1s del triunfo sobre el #45 del mundo, Sebasti\u00e1n B\u00e1ez de Argentina, en tanto que Andr\u00e9s Andrade aspira superar los cuartos de final logrados el a\u00f1o pasado en Guayaquil.<\/p>\n<p class=\"x_gmail-yiv4710990336gmail-MsoNoSpacing\">A ellos se suman los juveniles Emilio Camacho #51 del mundo junior, Lucas Y\u00fanez #157 ITF Junior quien arrib\u00f3 hoy de Bolivia donde alcanz\u00f3 dos semifinales seguidas en Santa Cruz y La Paz y Mario Gal\u00e1rraga #328 ITF Junior quien gan\u00f3 la prequaly esta semana.<\/p>\n<p class=\"x_gmail-yiv4710990336gmail-MsoNoSpacing\"><b>DIEGO HIDALGO LLEGA CON UN NUEVO T\u00cdTULO<\/b><\/p>\n<p class=\"x_gmail-yiv4710990336gmail-MsoNoSpacing\">Otra de las atracciones del Challenger guayaquile\u00f1o ser\u00e1 el zurdo ecuatoriano Diego Hidalgo, especialista en dobles desde hace varios a\u00f1os y que este fin de semana logr\u00f3 el t\u00edtulo del Challenger de Lyon junto al mexicano Miguel Reyes-Varela.<\/p>\n<p class=\"x_gmail-yiv4710990336gmail-MsoNoSpacing\">Ac\u00e1 en Guayaquil har\u00e1 dupla con Nicol\u00e1s Barrientos de Colombia, partiendo como cabezas de serie n\u00famero 1.<\/p>\n<p class=\"x_gmail-yiv4710990336gmail-MsoNoSpacing\"><b>ECUATORIANOS Y \u00daLTIMO CAMPE\u00d3N DEBUTAN MARTES<\/b><\/p>\n<p class=\"x_gmail-yiv4710990336gmail-MsoNoSpacing\">Este lunes 17 de noviembre se jugar\u00e1n los seis partidos de la \u00faltima ronda de la qualy y tres del cuadro principal, destacando el debut del s\u00e9ptimo cabeza de serie, el boliviano Murkel Dellien ante el estadounidense Ryan Dickerson.<\/p>\n<p class=\"x_gmail-yiv4710990336gmail-MsoNoSpacing\">El martes ser\u00e1 el estreno de los cinco ecuatorianos en singles, siendo el m\u00e1s llamativo el duelo entre los compatriotas \u00c1lvaro Guill\u00e9n ante Emilio Camacho, el cual se jugar\u00e1 en horario nocturno.<\/p>\n<p class=\"x_gmail-yiv4710990336gmail-MsoNoSpacing\">En tanto que Andr\u00e9s Andrade se enfrentar\u00e1 a Sebastian Gima de Rumania, Lucas Y\u00fanez medir\u00e1 a Paulo Saraiva Dos Santos de Brasil y Mario Gal\u00e1rraga ante un jugador salido de la qualy.<\/p>\n<p class=\"x_gmail-yiv4710990336gmail-MsoNoSpacing\">Ese d\u00eda martes tambi\u00e9n har\u00e1 su estreno el argentino Federico G\u00f3mez, flamante campe\u00f3n del a\u00f1o pasado, quien se las ver\u00e1 ante un tenista salido de la qualy<\/p>\n<p class=\"x_gmail-yiv4710990336gmail-MsoNoSpacing\">El nacido en Merlo aspira revalidar el t\u00edtulo y as\u00ed unirse a Nicol\u00e1s Lapentti, Sergio Roitman, Leonardo Mayer y Alejandro Tabilo, quienes alzaron\u00a0 el trofeo del Challenger de Guayaquil en dos ocasiones.<\/p>\n<p class=\"x_gmail-yiv4710990336gmail-MsoNoSpacing\"><b>ENTRADAS<\/b><\/p>\n<p class=\"x_gmail-yiv4710990336gmail-MsoNoSpacing\">El precio de las entradas es de $10 (diez d\u00f3lares), valor \u00fanico para todas las localidades, estas se podr\u00e1n adquirir en la boleter\u00eda del torneo una vez iniciado el certamen a partir de las 16h30 de lunes a viernes, el s\u00e1bado de semifinales y domingo de la final desde las 12h00.<\/p>\n<p class=\"x_gmail-yiv4710990336gmail-MsoNoSpacing\">Mientras que para la jornada diurna, de la ma\u00f1ana y parte de la tarde de lunes a viernes la entrada ser\u00e1 libre para todo el p\u00fablico.<\/p>\n<p class=\"x_gmail-yiv4710990336gmail-MsoNoSpacing\">El torneo, que se disputar\u00e1 del 17 al 23 de noviembre en el Guayaquil Tenis Club sede Anexo, llega gracias al auspicio de Muy Ilustre Municipalidad de Guayaquil, Banco Guayaquil, Stella Artois, Citikold, Urvaseo, Comisariato del constructor, ESPN, Loter\u00eda Nacional, Gatorade, 1XBET, Redni, Hotel Oro Verde, Conecta, Gulf, Dr. Daniel Blum Gilbert, Inproel, Sunforce, Telenews, Alcald\u00eda de Samborond\u00f3n, Ecuasal, Aca\u00ed, MEC \u2013 M\u00e9dicos en Casa, Megarent, DLM, Well Business, Vento Rooftop, CuatriComia, Guayaquil Tenis Club.<\/p>\n","protected":false},"excerpt":{"rendered":"<p>Guayaquil.- Cinco ecuatorianos figuran en el cuadro de singles de la edici\u00f3n 21 del Challenger Ciudad de Guayaquil Copa Banco Guayaquil auspiciado por el Municipio de Guayaquil, el mismo que arranca este lunes 17 de noviembre en el Guayaquil Tenis Club sede Anexo. Las cartas ecuatorianas son \u00c1lvaro Guill\u00e9n y Andr\u00e9s Andrade, integrantes del equipo [&hellip;]<\/p>\n","protected":false},"author":2,"featured_media":41768,"comment_status":"open","ping_status":"closed","sticky":false,"template":"","format":"standard","meta":{"_jetpack_memberships_contains_paid_content":false,"footnotes":""},"categories":[906],"tags":[907],"class_list":["post-41767","post","type-post","status-publish","format-standard","has-post-thumbnail","hentry","category-challenger-ciudad-guayaquil","tag-challenger-ciudad-de-guayaquil"],"jetpack_featured_media_url":"https:\/\/radiocresatelital.com\/wp-content\/uploads\/2025\/11\/Emilio-Camacho-ECU-scaled.jpg","jetpack_sharing_enabled":true,"_links":{"self":[{"href":"https:\/\/radiocresatelital.com\/index.php?rest_route=\/wp\/v2\/posts\/41767","targetHints":{"allow":["GET"]}}],"collection":[{"href":"https:\/\/radiocresatelital.com\/index.php?rest_route=\/wp\/v2\/posts"}],"about":[{"href":"https:\/\/radiocresatelital.com\/index.php?rest_route=\/wp\/v2\/types\/post"}],"author":[{"embeddable":true,"href":"https:\/\/radiocresatelital.com\/index.php?rest_route=\/wp\/v2\/users\/2"}],"replies":[{"embeddable":true,"href":"https:\/\/radiocresatelital.com\/index.php?rest_route=%2Fwp%2Fv2%2Fcomments&post=41767"}],"version-history":[{"count":1,"href":"https:\/\/radiocresatelital.com\/index.php?rest_route=\/wp\/v2\/posts\/41767\/revisions"}],"predecessor-version":[{"id":41769,"href":"https:\/\/radiocresatelital.com\/index.php?rest_route=\/wp\/v2\/posts\/41767\/revisions\/41769"}],"wp:featuredmedia":[{"embeddable":true,"href":"https:\/\/radiocresatelital.com\/index.php?rest_route=\/wp\/v2\/media\/41768"}],"wp:attachment":[{"href":"https:\/\/radiocresatelital.com\/index.php?rest_route=%2Fwp%2Fv2%2Fmedia&parent=41767"}],"wp:term":[{"taxonomy":"category","embeddable":true,"href":"https:\/\/radiocresatelital.com\/index.php?rest_route=%2Fwp%2Fv2%2Fcategories&post=41767"},{"taxonomy":"post_tag","embeddable":true,"href":"https:\/\/radiocresatelital.com\/index.php?rest_route=%2Fwp%2Fv2%2Ftags&post=41767"}],"curies":[{"name":"wp","href":"https:\/\/api.w.org\/{rel}","templated":true}]}}